{"id":172424,"date":"2026-09-06T12:06:44","date_gmt":"2026-09-06T11:06:44","guid":{"rendered":"https:\/\/www.yachtingnews.com\/cipnes-sardinias-industria-nautica-cannes-inform\/"},"modified":"2026-09-06T12:07:17","modified_gmt":"2026-09-06T11:07:17","slug":"cipnes-sardinias-industria-nautica-cannes-inform","status":"publish","type":"post","link":"https:\/\/www.yachtingnews.com\/pt-br\/cipnes-sardinias-industria-nautica-cannes-inform\/","title":{"rendered":"CIPNES: no Festival de Iates de Cannes, o setor n\u00e1utico da Sardenha apresenta a nova fronteira do seu crescimento internacional"},"content":{"rendered":"\t\t<div data-elementor-type=\"wp-post\" data-elementor-id=\"172424\" class=\"elementor elementor-172424 elementor-172405\" data-elementor-post-type=\"post\">\n\t\t\t\t\t\t<section class=\"elementor-section elementor-top-section elementor-element elementor-element-5322873 elementor-section-boxed elementor-section-height-default elementor-section-height-default\" data-id=\"5322873\" data-element_type=\"section\" data-e-type=\"section\">\n\t\t\t\t\t\t<div class=\"elementor-container elementor-column-gap-default\">\n\t\t\t\t\t<div class=\"elementor-column elementor-col-100 elementor-top-column elementor-element elementor-element-852a00a\" data-id=\"852a00a\" data-element_type=\"column\" data-e-type=\"column\">\n\t\t\t<div class=\"elementor-widget-wrap elementor-element-populated\">\n\t\t\t\t\t\t<div class=\"elementor-element elementor-element-5552694 elementor-widget elementor-widget-text-editor\" data-id=\"5552694\" data-element_type=\"widget\" data-e-type=\"widget\" data-widget_type=\"text-editor.default\">\n\t\t\t\t<div class=\"elementor-widget-container\">\n\t\t\t\t\t\t\t\t\t<p style=\"text-align: center;\"><strong>CIPNES Gallura: Em Cannes, o setor n\u00e1utico da Sardenha apresenta a nova fronteira do seu desenvolvimento<\/strong><\/p><p>A internacionaliza\u00e7\u00e3o das empresas, a pesquisa aplicada, o ensino universit\u00e1rio e a transi\u00e7\u00e3o energ\u00e9tica est\u00e3o no centro da participa\u00e7\u00e3o da Regi\u00e3o da Sardenha e do CIPNES Gallura no Cannes Yachting Festival. Desde o curso de gradua\u00e7\u00e3o em Engenharia Naval da Universidade de Cagliari, com sede em Olbia, at\u00e9 o desenvolvimento do mestrado e de novos percursos de forma\u00e7\u00e3o profissional, o objetivo \u00e9 fortalecer a capacidade industrial e tecnol\u00f3gica do setor regional. A jornada internacional vai continuar em G\u00eanova e na METS TRADE, em Amsterd\u00e3, j\u00e1 de olho em 2027 e no mercado dos EUA, com Miami.<\/p><h2>Atividades do CIPNES no Festival N\u00e1utico de Cannes<\/h2><p>A ind\u00fastria n\u00e1utica da Sardenha volta ao Festival N\u00e1utico de Cannes como parte de um projeto que vai al\u00e9m da promo\u00e7\u00e3o das empresas e do territ\u00f3rio local. Pelo segundo ano seguido, o CIPNES Gallura, com o apoio do Departamento de Ind\u00fastria e do Departamento de Planejamento da Regi\u00e3o Aut\u00f4noma da Sardenha, vai estar presente em um dos principais eventos n\u00e1uticos internacionais para valorizar um sistema de produ\u00e7\u00e3o que integra constru\u00e7\u00e3o naval, reforma de embarca\u00e7\u00f5es, componentes, servi\u00e7os, ensino universit\u00e1rio, pesquisa aplicada e inova\u00e7\u00e3o.<\/p><p>A presen\u00e7a em Cannes marca uma nova etapa no programa de internacionaliza\u00e7\u00e3o lan\u00e7ado em 2025 para acompanhar as empresas regionais na entrada nos mercados estrangeiros e fortalecer a capacidade da cadeia de suprimentos de gerar compet\u00eancias, tecnologias e servi\u00e7os voltados para <a href=\"https:\/\/www.yachtingnews.com\/pt-br\/\">o setor n\u00e1utico internacional<\/a>. O desafio \u00e9 transformar o grande apelo da Sardenha para o iatismo em uma alavanca para o desenvolvimento industrial: n\u00e3o s\u00f3 iates chegando \u00e0 ilha, mas tamb\u00e9m barcos, componentes, tecnologias, servi\u00e7os e compet\u00eancias desenvolvidos na Sardenha e destinados aos mercados internacionais.<\/p><p>A participa\u00e7\u00e3o em Cannes permite dar continuidade \u00e0s conversas com estaleiros, fabricantes de componentes, designers, empresas de reforma, marinas, fornecedores de tecnologia, propriet\u00e1rios de barcos e partes interessadas internacionais. Eventos como os de Cannes, G\u00eanova e Amsterd\u00e3 tornam-se, assim, ferramentas para entender a evolu\u00e7\u00e3o do mercado, construir rela\u00e7\u00f5es industriais, identificar novos parceiros e criar oportunidades de neg\u00f3cios.<\/p><p>A Sardenha j\u00e1 conta com um patrim\u00f4nio significativo de estaleiros, empresas especializadas em reforma, fabricantes de componentes, prestadores de servi\u00e7os e infraestrutura portu\u00e1ria. Reunir essas compet\u00eancias em um sistema e apresent\u00e1-las nos mercados internacionais significa criar as condi\u00e7\u00f5es para atrair contratos, investimentos e novas atividades de produ\u00e7\u00e3o.<\/p><p><img decoding=\"async\" class=\"aligncenter size-full wp-image-172409\" src=\"https:\/\/www.yachtingnews.com\/wp-content\/uploads\/2026\/09\/CIPNES-ed-attivita-industriali-in-Sardegna.jpg\" alt=\"O CIPNES e as atividades industriais na Sardenha\" width=\"1280\" height=\"720\" srcset=\"https:\/\/www.yachtingnews.com\/wp-content\/uploads\/2026\/09\/CIPNES-ed-attivita-industriali-in-Sardegna.jpg 1280w, https:\/\/www.yachtingnews.com\/wp-content\/uploads\/2026\/09\/CIPNES-ed-attivita-industriali-in-Sardegna-300x169.jpg 300w, https:\/\/www.yachtingnews.com\/wp-content\/uploads\/2026\/09\/CIPNES-ed-attivita-industriali-in-Sardegna-768x432.jpg 768w\" sizes=\"(max-width: 1280px) 100vw, 1280px\" \/><\/p><h2>Regi\u00e3o da Sardenha, CIPNES Gallura e UniOlbia: Uma Tradi\u00e7\u00e3o de Ensino Universit\u00e1rio<\/h2><p>A competitividade da ind\u00fastria n\u00e1utica atual depende cada vez mais da capacidade de inovar. Novos materiais, digitaliza\u00e7\u00e3o, design avan\u00e7ado, efici\u00eancia energ\u00e9tica e propuls\u00e3o alternativa est\u00e3o transformando profundamente os iates, os sistemas e os processos de produ\u00e7\u00e3o. Por isso, o programa de internacionaliza\u00e7\u00e3o vem de m\u00e3os dadas com o desenvolvimento de conhecimentos e habilidades. Um papel importante \u00e9 desempenhado pela parceria com a Universidade de Cagliari e a UniOlbia, que oferece o curso de gradua\u00e7\u00e3o em Engenharia Naval.<\/p><p>O curso j\u00e1 mostrou ter uma capacidade de atra\u00e7\u00e3o que vai al\u00e9m das fronteiras regionais, com um bom n\u00famero de alunos matriculados vindos de fora da Sardenha. Esse \u00e9 um dado significativo, porque indica a possibilidade de transformar Olbia n\u00e3o s\u00f3 em um campus universit\u00e1rio que atenda \u00e0 regi\u00e3o, mas tamb\u00e9m em um centro de forma\u00e7\u00e3o especializado, capaz de atrair jovens interessados em profiss\u00f5es relacionadas \u00e0 navega\u00e7\u00e3o e \u00e0 economia mar\u00edtima. O percurso acad\u00eamico deve se desenvolver ainda mais com o mestrado em Engenharia N\u00e1utica que est\u00e1 sendo planejado, promovido pela Universidade de Cagliari em parceria com a Universidade Federico II de N\u00e1poles, completando gradualmente um ciclo de forma\u00e7\u00e3o universit\u00e1ria intimamente ligado \u00e0s necessidades do setor.<\/p><p>Al\u00e9m disso, a partir do ano letivo de 2026\/2027, vai rolar o curso de bacharelado profissionalizante em Tecnologias Industriais El\u00e9tricas e Aeron\u00e1uticas, que tamb\u00e9m tem uma forte liga\u00e7\u00e3o com a navega\u00e7\u00e3o, por causa das compet\u00eancias tecnol\u00f3gicas e industriais que desenvolve. Sistemas el\u00e9tricos, tecnologias industriais e compet\u00eancias t\u00e9cnicas avan\u00e7adas representam, de fato, \u00e1reas cada vez mais importantes na concep\u00e7\u00e3o, constru\u00e7\u00e3o, manuten\u00e7\u00e3o e reforma de embarca\u00e7\u00f5es modernas.<\/p><p>O crescimento da oferta universit\u00e1ria vai acompanhar o desenvolvimento do Campus de Olbia. A partir do novo ano letivo, haver\u00e1 alojamento dispon\u00edvel para 464 estudantes, criando capacidade residencial suficiente para receber quem decidir estudar em Olbia vindo de outras partes da Sardenha, da It\u00e1lia continental ou do exterior. A disponibilidade de alojamento \u00e9 um elemento essencial do projeto: ampliar a oferta educacional tamb\u00e9m significa garantir aos estudantes condi\u00e7\u00f5es concretas para que possam escolher Olbia como local para sua forma\u00e7\u00e3o universit\u00e1ria.<\/p><p>A presen\u00e7a do ensino universit\u00e1rio tamb\u00e9m ganha valor estrat\u00e9gico por estar inserida em um dos territ\u00f3rios onde se concentra uma parte significativa da ind\u00fastria n\u00e1utica regional e um dos principais mercados de iates do Mediterr\u00e2neo. Aproximar a universidade da ind\u00fastria significa criar as condi\u00e7\u00f5es para que estudantes, pesquisadores, designers e empresas se envolvam diretamente nas necessidades da cadeia de suprimentos e promovam a transfer\u00eancia de conhecimento para o sistema de produ\u00e7\u00e3o.<\/p><p>A an\u00e1lise do tr\u00e1fego de iates e superiates tamb\u00e9m tem import\u00e2ncia para o setor sob essa perspectiva. Saber o tamanho, a origem, o tempo de perman\u00eancia e as caracter\u00edsticas da frota que visita a Sardenha permite avaliar a demanda potencial por manuten\u00e7\u00e3o, reforma, assist\u00eancia t\u00e9cnica, log\u00edstica, servi\u00e7os portu\u00e1rios, energia e novos combust\u00edveis.<\/p><p>Entre os projetos que mostram a rela\u00e7\u00e3o cada vez mais forte entre pesquisa e ind\u00fastria est\u00e1 o estudo desenvolvido pelo CIPNES Gallura em parceria com o Politecnico di Milano para a produ\u00e7\u00e3o, na Sardenha, de biocombust\u00edvel destinado tamb\u00e9m ao uso mar\u00edtimo. O projeto surgiu da oportunidade de usar o biometano obtido a partir do tratamento da fra\u00e7\u00e3o org\u00e2nica dos res\u00edduos para produzir um combust\u00edvel que tamb\u00e9m possa ser usado na mobilidade mar\u00edtima, unindo economia circular, pesquisa aplicada e inova\u00e7\u00e3o industrial.<\/p><p>Essa perspectiva n\u00e3o se refere apenas \u00e0 produ\u00e7\u00e3o, mas tamb\u00e9m ao desenvolvimento de compet\u00eancias e tecnologias relacionadas a novos combust\u00edveis, sistemas de propuls\u00e3o e sua disponibilidade futura na infraestrutura portu\u00e1ria. Dessa forma, a transi\u00e7\u00e3o energ\u00e9tica pode se tornar, al\u00e9m de uma meta ambiental, uma oportunidade industrial para as empresas da regi\u00e3o e mais um motivo para a colabora\u00e7\u00e3o entre o setor empresarial e a pesquisa.<\/p><p><img decoding=\"async\" class=\"aligncenter size-full wp-image-172407\" src=\"https:\/\/www.yachtingnews.com\/wp-content\/uploads\/2026\/09\/CIPNES-INDUSTRIA-NAUTICA-SARDEGNA-drone-view.jpg\" alt=\"CIPNES Sardenha \u2013 Ind\u00fastria N\u00e1utica: Imagens feitas por drone\" width=\"1280\" height=\"473\" srcset=\"https:\/\/www.yachtingnews.com\/wp-content\/uploads\/2026\/09\/CIPNES-INDUSTRIA-NAUTICA-SARDEGNA-drone-view.jpg 1280w, https:\/\/www.yachtingnews.com\/wp-content\/uploads\/2026\/09\/CIPNES-INDUSTRIA-NAUTICA-SARDEGNA-drone-view-300x111.jpg 300w, https:\/\/www.yachtingnews.com\/wp-content\/uploads\/2026\/09\/CIPNES-INDUSTRIA-NAUTICA-SARDEGNA-drone-view-768x284.jpg 768w\" sizes=\"(max-width: 1280px) 100vw, 1280px\" \/><\/p><h2>Atividades nacionais e internacionais do CIPNES Gallura<\/h2><p>Depois de Cannes, a jornada vai continuar no Sal\u00e3o N\u00e1utico Internacional de G\u00eanova, um marco tradicional do setor n\u00e1utico italiano. Em G\u00eanova, a CIPNES Gallura vai participar da tradicional coletiva de imprensa organizada pela Confindustria Nautica, dedicada \u00e0 programa\u00e7\u00e3o dos principais eventos do setor. Nessa ocasi\u00e3o, ser\u00e3o divulgadas oficialmente as datas do pr\u00f3ximo Sardinia Boat Show, um evento planejado e organizado pela CIPNES Gallura em parceria com os Departamentos de Ind\u00fastria e Planejamento da Regi\u00e3o Aut\u00f4noma da Sardenha. O sal\u00e3o n\u00e1utico regional \u00e9 uma das ferramentas que permite trazer de volta para o territ\u00f3rio as rela\u00e7\u00f5es constru\u00eddas nos mercados internacionais, promovendo encontros entre empresas regionais, estaleiros, operadores e partes interessadas do exterior.<\/p><p>O programa de internacionaliza\u00e7\u00e3o vai continuar na METS TRADE, em Amsterd\u00e3, um dos principais eventos mundiais dedicados a tecnologias, componentes, equipamentos e servi\u00e7os para a ind\u00fastria n\u00e1utica. A participa\u00e7\u00e3o no evento holand\u00eas ter\u00e1 um forte enfoque industrial e ser\u00e1 voltada, principalmente, para mostrar as compet\u00eancias da Sardenha na reforma e reparo de iates de grande porte, um segmento em que os estaleiros contam com instala\u00e7\u00f5es em terra e no mar, tecnologias e profissionais capazes de atender embarca\u00e7\u00f5es com mais de 30 metros.<\/p><p>Amsterd\u00e3 \u00e9 uma etapa especialmente importante do programa: uma oportunidade de mostrar diretamente para o setor n\u00e1utico internacional n\u00e3o s\u00f3 a capacidade de receber iates grandes, mas tamb\u00e9m as compet\u00eancias desenvolvidas na ilha para prestar servi\u00e7os, fazer reformas e manuten\u00e7\u00e3o neles. Cannes, G\u00eanova e Amsterd\u00e3 constituem, assim, tr\u00eas momentos complementares da estrat\u00e9gia para 2026: o envolvimento com o mercado internacional de iates, o sistema n\u00e1utico italiano e a ind\u00fastria global de tecnologia, componentes e reforma de iates.<\/p><p>O programa j\u00e1 est\u00e1 de olho em 2027, quando Miami figura entre as op\u00e7\u00f5es para a expans\u00e3o internacional, com o objetivo de fortalecer a rela\u00e7\u00e3o entre a ind\u00fastria n\u00e1utica da Sardenha e o mercado dos EUA. A expans\u00e3o para os Estados Unidos \u00e9 mais um passo em uma estrat\u00e9gia plurianual que visa ampliar progressivamente os mercados-alvo das empresas regionais e criar novas oportunidades comerciais e industriais.<\/p><p>Cannes, G\u00eanova e Amsterd\u00e3 em 2026, junto com a perspectiva de Miami em 2027, tra\u00e7am um caminho que vai al\u00e9m de um simples calend\u00e1rio de feiras e conecta internacionaliza\u00e7\u00e3o, capacidade de produ\u00e7\u00e3o, ensino universit\u00e1rio, pesquisa e inova\u00e7\u00e3o.<\/p><p>O desafio \u00e9 fortalecer a identidade da ind\u00fastria n\u00e1utica da Sardenha nos mercados globais, transformando o papel central da ilha no mundo dos iates em uma oportunidade concreta de crescimento produtivo, tecnol\u00f3gico e profissional.<\/p><p><img decoding=\"async\" class=\"aligncenter size-full wp-image-172408\" src=\"https:\/\/www.yachtingnews.com\/wp-content\/uploads\/2026\/09\/Salone-nautico-di-Genova.jpeg\" alt=\"Sal\u00e3o Internacional de Barcos de G\u00e9nova\" width=\"1280\" height=\"576\" srcset=\"https:\/\/www.yachtingnews.com\/wp-content\/uploads\/2026\/09\/Salone-nautico-di-Genova.jpeg 1280w, https:\/\/www.yachtingnews.com\/wp-content\/uploads\/2026\/09\/Salone-nautico-di-Genova-300x135.jpeg 300w, https:\/\/www.yachtingnews.com\/wp-content\/uploads\/2026\/09\/Salone-nautico-di-Genova-768x346.jpeg 768w\" sizes=\"(max-width: 1280px) 100vw, 1280px\" \/><\/p>\t\t\t\t\t\t\t\t<\/div>\n\t\t\t\t<\/div>\n\t\t\t\t<div class=\"elementor-element elementor-element-8b15469 elementor-widget elementor-widget-text-editor\" data-id=\"8b15469\" data-element_type=\"widget\" data-e-type=\"widget\" data-widget_type=\"text-editor.default\">\n\t\t\t\t<div class=\"elementor-widget-container\">\n\t\t\t\t\t\t\t\t\t<table dir=\"ltr\" border=\"1\" cellspacing=\"0\" cellpadding=\"0\" data-sheets-root=\"1\" data-sheets-baot=\"1\"><colgroup><col width=\"100\"><col width=\"100\"><\/colgroup><tbody><tr><td><strong>Fonte<\/strong><\/td><td><div><div><strong>Descri\u00e7\u00e3o e conte\u00fado fornecido<\/strong><\/div><\/div><\/td><\/tr><tr><td><a href=\"https:\/\/www.uniolbia.it\/didattica\/triennale\/corso-di-laurea-ingegneria-navale\">UniOlbia<\/a><\/td><td><div><div>Descri\u00e7\u00e3o do curso de gradua\u00e7\u00e3o em Engenharia Naval<\/div><\/div><\/td><\/tr><tr><td><a href=\"https:\/\/www.cipnes.eu\/\">CIPNES Gallura<\/a><\/td><td><div><div>Descri\u00e7\u00e3o do programa de capacita\u00e7\u00e3o e internacionaliza\u00e7\u00e3o para empresas do setor n\u00e1utico<\/div><\/div><\/td><\/tr><tr><td>Gioacchino Ferrari<\/td><td><div><div>Jornalista profissional, autor do artigo<\/div><\/div><\/td><\/tr><\/tbody><\/table>\t\t\t\t\t\t\t\t<\/div>\n\t\t\t\t<\/div>\n\t\t\t\t<div class=\"elementor-element elementor-element-73aa125 elementor-grid-1 elementor-grid-tablet-2 elementor-grid-mobile-1 elementor-widget elementor-widget-uael-faq\" data-id=\"73aa125\" data-element_type=\"widget\" data-e-type=\"widget\" data-widget_type=\"uael-faq.default\">\n\t\t\t\t<div class=\"elementor-widget-container\">\n\t\t\t\t\t\n\t\t\t<div id='uael-faq-wrapper-121' class=\"uael-faq-wrapper\">\n\t\t\t\t<div class=\"uael-faq-container uael-faq-layout-grid elementor-grid\" >\n\t\t\t\t\t\t\t\t\t\t\t\t<div id=\"uael-accordion-22234f5\" class=\"uael-faq-accordion elementor-grid-item\" role=\"tablist\">\n\t\t\t\t\t\t\t\t<div class= \"uael-accordion-title\" aria-expanded=\"false\" role=\"tab\">\n\t\t\t\t\t\t\t\t\t<span class=\"uael-accordion-icon uael-accordion-icon-\">\n\t\t\t\t\t\t\t\t\t\t<span class=\"uael-accordion-icon-closed\"><\/span>\n\t\t\t\t\t\t\t\t\t\t<span class=\"uael-accordion-icon-opened\"><\/span>\n\t\t\t\t\t\t\t\t\t<\/span>\n\t\t\t\t\t\t\t\t\t<h3 class=\"uael-question-22234f5 uael-question-span\" tabindex=\"0\" id=\"uael-faq-1-6a9d6ba4582b6\">Quais s\u00e3o os principais temas da participa\u00e7\u00e3o do CIPNES Gallura e da Regi\u00e3o da Sardenha no Festival de Iates de Cannes?<\/h3>\n\t\t\t\t\t\t\t\t<\/div>\n\t\t\t\t\t\t\t\t<div class=\"uael-accordion-content\" role=\"tabpanel\">\n\t\t\t\t\t\t\t\t\t<span>\n\t\t\t\t\t\t\t\t\t<span><p>Os temas centrais da presen\u00e7a da Regi\u00e3o da Sardenha e do CIPNES Gallura em Cannes s\u00e3o a internacionaliza\u00e7\u00e3o das empresas, a pesquisa aplicada, a forma\u00e7\u00e3o universit\u00e1ria e a transi\u00e7\u00e3o energ\u00e9tica. O principal objetivo \u00e9 transformar o apelo da ilha em uma alavanca para o desenvolvimento industrial, exportando para os mercados internacionais n\u00e3o s\u00f3 iates, mas tamb\u00e9m compet\u00eancias, componentes, tecnologias e servi\u00e7os desenvolvidos na Sardenha.<\/p><\/span>\t\t\t\t\t\t\t\t\t<\/span>\n\t\t\t\t\t\t\t\t<\/div>\n\t\t\t\t\t\t\t<\/div>\n\t\t\t\t\t\t\t\t\t\t\t\t\t\t<div id=\"uael-accordion-0f9e465\" class=\"uael-faq-accordion elementor-grid-item\" role=\"tablist\">\n\t\t\t\t\t\t\t\t<div class= \"uael-accordion-title\" aria-expanded=\"false\" role=\"tab\">\n\t\t\t\t\t\t\t\t\t<span class=\"uael-accordion-icon uael-accordion-icon-\">\n\t\t\t\t\t\t\t\t\t\t<span class=\"uael-accordion-icon-closed\"><\/span>\n\t\t\t\t\t\t\t\t\t\t<span class=\"uael-accordion-icon-opened\"><\/span>\n\t\t\t\t\t\t\t\t\t<\/span>\n\t\t\t\t\t\t\t\t\t<h3 class=\"uael-question-0f9e465 uael-question-span\" tabindex=\"0\" id=\"uael-faq-2-6a9d6ba4582d7\">Quais cursos universit\u00e1rios relacionados \u00e0 navega\u00e7\u00e3o est\u00e3o em andamento ou est\u00e3o previstos em Olbia?<\/h3>\n\t\t\t\t\t\t\t\t<\/div>\n\t\t\t\t\t\t\t\t<div class=\"uael-accordion-content\" role=\"tabpanel\">\n\t\t\t\t\t\t\t\t\t<span>\n\t\t\t\t\t\t\t\t\t<span><p>A oferta educacional em Olbia est\u00e1 se expandindo para atender \u00e0s necessidades do setor n\u00e1utico:<\/p><ul><li style=\"font-weight: 400;\" aria-level=\"1\">O curso de gradua\u00e7\u00e3o em Engenharia Naval da Universidade de Cagliari j\u00e1 est\u00e1 em andamento, atraindo tamb\u00e9m estudantes de fora da regi\u00e3o.<\/li><li style=\"font-weight: 400;\" aria-level=\"1\">Est\u00e1 previsto o lan\u00e7amento de um mestrado em Engenharia N\u00e1utica, em parceria com a Universidade Federico II de N\u00e1poles.<\/li><li style=\"font-weight: 400;\" aria-level=\"1\">A partir do ano letivo de 2026\/2027, ser\u00e1 adicionado o curso de bacharelado profissionalizante em Tecnologias Industriais El\u00e9tricas e Aeron\u00e1uticas.<\/li><li style=\"font-weight: 400;\" aria-level=\"1\">Para apoiar os alunos, a partir do novo ano letivo, o Campus de Olbia vai oferecer alojamento para 464 estudantes universit\u00e1rios.<\/li><\/ul><\/span>\t\t\t\t\t\t\t\t\t<\/span>\n\t\t\t\t\t\t\t\t<\/div>\n\t\t\t\t\t\t\t<\/div>\n\t\t\t\t\t\t\t\t\t\t\t\t\t\t<div id=\"uael-accordion-2286034\" class=\"uael-faq-accordion elementor-grid-item\" role=\"tablist\">\n\t\t\t\t\t\t\t\t<div class= \"uael-accordion-title\" aria-expanded=\"false\" role=\"tab\">\n\t\t\t\t\t\t\t\t\t<span class=\"uael-accordion-icon uael-accordion-icon-\">\n\t\t\t\t\t\t\t\t\t\t<span class=\"uael-accordion-icon-closed\"><\/span>\n\t\t\t\t\t\t\t\t\t\t<span class=\"uael-accordion-icon-opened\"><\/span>\n\t\t\t\t\t\t\t\t\t<\/span>\n\t\t\t\t\t\t\t\t\t<h3 class=\"uael-question-2286034 uael-question-span\" tabindex=\"0\" id=\"uael-faq-3-6a9d6ba4582f0\">Como o setor n\u00e1utico da Sardenha est\u00e1 lidando com a transi\u00e7\u00e3o energ\u00e9tica?<\/h3>\n\t\t\t\t\t\t\t\t<\/div>\n\t\t\t\t\t\t\t\t<div class=\"uael-accordion-content\" role=\"tabpanel\">\n\t\t\t\t\t\t\t\t\t<span>\n\t\t\t\t\t\t\t\t\t<span><p>O CIPNES Gallura desenvolveu um estudo em parceria com o Politecnico di Milano para produzir biocombust\u00edvel na Sardenha destinado ao uso mar\u00edtimo. O projeto tem como objetivo utilizar o biometano, derivado do tratamento da fra\u00e7\u00e3o org\u00e2nica dos res\u00edduos, para produzir combust\u00edvel para a mobilidade mar\u00edtima, combinando assim economia circular, pesquisa aplicada e inova\u00e7\u00e3o industrial.<\/p><\/span>\t\t\t\t\t\t\t\t\t<\/span>\n\t\t\t\t\t\t\t\t<\/div>\n\t\t\t\t\t\t\t<\/div>\n\t\t\t\t\t\t\t\t\t\t\t\t\t\t<div id=\"uael-accordion-9745990\" class=\"uael-faq-accordion elementor-grid-item\" role=\"tablist\">\n\t\t\t\t\t\t\t\t<div class= \"uael-accordion-title\" aria-expanded=\"false\" role=\"tab\">\n\t\t\t\t\t\t\t\t\t<span class=\"uael-accordion-icon uael-accordion-icon-\">\n\t\t\t\t\t\t\t\t\t\t<span class=\"uael-accordion-icon-closed\"><\/span>\n\t\t\t\t\t\t\t\t\t\t<span class=\"uael-accordion-icon-opened\"><\/span>\n\t\t\t\t\t\t\t\t\t<\/span>\n\t\t\t\t\t\t\t\t\t<h3 class=\"uael-question-9745990 uael-question-span\" tabindex=\"0\" id=\"uael-faq-4-6a9d6ba458305\">Quais s\u00e3o os pr\u00f3ximos passos internacionais do CIPNES depois do Sal\u00e3o N\u00e1utico de Cannes?<\/h3>\n\t\t\t\t\t\t\t\t<\/div>\n\t\t\t\t\t\t\t\t<div class=\"uael-accordion-content\" role=\"tabpanel\">\n\t\t\t\t\t\t\t\t\t<span>\n\t\t\t\t\t\t\t\t\t<span><p><span style=\"font-weight: 400;\">O programa de internacionaliza\u00e7\u00e3o inclui v\u00e1rias feiras comerciais estrat\u00e9gicas:<\/span><\/p><ul><li style=\"font-weight: 400;\" aria-level=\"1\"><b>Sal\u00e3o N\u00e1utico Internacional de G\u00eanova<\/b><span style=\"font-weight: 400;\">: onde ser\u00e3o anunciadas oficialmente as datas do pr\u00f3ximo Sal\u00e3o N\u00e1utico da Sardenha.<\/span><\/li><li style=\"font-weight: 400;\" aria-level=\"1\"><b>METS TRADE em Amsterd\u00e3<\/b><span style=\"font-weight: 400;\">: um evento em que a delega\u00e7\u00e3o vai se concentrar em mostrar a expertise da Sardenha no setor de reforma e reparo de iates de grande porte.<\/span><\/li><li style=\"font-weight: 400;\" aria-level=\"1\"><b>Miami (em 2027)<\/b><span style=\"font-weight: 400;\">: uma etapa futura pensada para fortalecer a rela\u00e7\u00e3o entre a ind\u00fastria n\u00e1utica da Sardenha e o mercado dos EUA.<\/span><\/li><\/ul><\/span>\t\t\t\t\t\t\t\t\t<\/span>\n\t\t\t\t\t\t\t\t<\/div>\n\t\t\t\t\t\t\t<\/div>\n\t\t\t\t\t\t\t\t\t\t\t\t\t\t<div id=\"uael-accordion-80057dc\" class=\"uael-faq-accordion elementor-grid-item\" role=\"tablist\">\n\t\t\t\t\t\t\t\t<div class= \"uael-accordion-title\" aria-expanded=\"false\" role=\"tab\">\n\t\t\t\t\t\t\t\t\t<span class=\"uael-accordion-icon uael-accordion-icon-\">\n\t\t\t\t\t\t\t\t\t\t<span class=\"uael-accordion-icon-closed\"><\/span>\n\t\t\t\t\t\t\t\t\t\t<span class=\"uael-accordion-icon-opened\"><\/span>\n\t\t\t\t\t\t\t\t\t<\/span>\n\t\t\t\t\t\t\t\t\t<h3 class=\"uael-question-80057dc uael-question-span\" tabindex=\"0\" id=\"uael-faq-5-6a9d6ba45831a\">Qual \u00e9 o objetivo espec\u00edfico da participa\u00e7\u00e3o do CIPNES Gallura na METS TRADE, em Amsterd\u00e3?<\/h3>\n\t\t\t\t\t\t\t\t<\/div>\n\t\t\t\t\t\t\t\t<div class=\"uael-accordion-content\" role=\"tabpanel\">\n\t\t\t\t\t\t\t\t\t<span>\n\t\t\t\t\t\t\t\t\t<span><p>A participa\u00e7\u00e3o em Amsterd\u00e3 ter\u00e1 um forte enfoque industrial. O objetivo \u00e9 apresentar a expertise da Sardenha em refit & repair (manuten\u00e7\u00e3o e reparo) de grandes iates diretamente para o setor n\u00e1utico internacional, destacando os estaleiros, as tecnologias e os profissionais da ilha, capazes de atender embarca\u00e7\u00f5es com mais de 30 metros de comprimento.<\/p><\/span>\t\t\t\t\t\t\t\t\t<\/span>\n\t\t\t\t\t\t\t\t<\/div>\n\t\t\t\t\t\t\t<\/div>\n\t\t\t\t\t\t\t\t\t\t\t<\/div>\n\t\t\t<\/div>\n\t\t\t\t\t\t\t<\/div>\n\t\t\t\t<\/div>\n\t\t\t\t\t<\/div>\n\t\t<\/div>\n\t\t\t\t\t<\/div>\n\t\t<\/section>\n\t\t\t\t<\/div>\n\t\t","protected":false},"excerpt":{"rendered":"<p>CIPNES Gallura: Em Cannes, o setor n\u00e1utico da Sardenha apresenta a nova fronteira do seu desenvolvimento A internacionaliza\u00e7\u00e3o das empresas, a pesquisa aplicada, o ensino universit\u00e1rio e a transi\u00e7\u00e3o energ\u00e9tica est\u00e3o no centro da participa\u00e7\u00e3o da Regi\u00e3o da Sardenha e do CIPNES Gallura no Cannes Yachting Festival. Desde o curso de gradua\u00e7\u00e3o em Engenharia Naval [&hellip;]<\/p>\n","protected":false},"author":3,"featured_media":172425,"comment_status":"open","ping_status":"closed","sticky":false,"template":"","format":"standard","meta":{"_mo_disable_npp":"","footnotes":""},"categories":[1671,1653],"tags":[5734,5735],"class_list":["post-172424","post","type-post","status-publish","format-standard","has-post-thumbnail","hentry","category-boat-shows-pt-br","category-news-pt-br","tag-cipnes-gallura","tag-sardenha"],"yoast_head":"<!-- This site is optimized with the Yoast SEO plugin v28.4 - https:\/\/yoast.com\/product\/yoast-seo-wordpress\/ -->\n<title>CIPNES: A Sardenha apresenta sua expans\u00e3o internacional em Cannes<\/title>\n<meta name=\"description\" content=\"O CIPNES e a Regi\u00e3o da Sardenha apresentam temas como internacionaliza\u00e7\u00e3o, ensino universit\u00e1rio e transi\u00e7\u00e3o energ\u00e9tica no Festival de Iates de Cannes\" \/>\n<meta name=\"robots\" content=\"index, follow, max-snippet:-1, max-image-preview:large, max-video-preview:-1\" \/>\n<link rel=\"canonical\" href=\"https:\/\/www.yachtingnews.com\/pt-br\/cipnes-sardinias-industria-nautica-cannes-inform\/\" \/>\n<meta property=\"og:locale\" content=\"pt_BR\" \/>\n<meta property=\"og:type\" content=\"article\" \/>\n<meta property=\"og:title\" content=\"CIPNES: A Sardenha apresenta sua expans\u00e3o internacional em Cannes\" \/>\n<meta property=\"og:description\" content=\"O CIPNES e a Regi\u00e3o da Sardenha apresentam temas como internacionaliza\u00e7\u00e3o, ensino universit\u00e1rio e transi\u00e7\u00e3o energ\u00e9tica no Festival de Iates de Cannes\" \/>\n<meta property=\"og:url\" content=\"https:\/\/www.yachtingnews.com\/pt-br\/cipnes-sardinias-industria-nautica-cannes-inform\/\" \/>\n<meta property=\"og:site_name\" content=\"Yachting News\" \/>\n<meta property=\"article:publisher\" content=\"https:\/\/www.facebook.com\/TheInternationalYachtingMedia\" \/>\n<meta property=\"article:published_time\" content=\"2026-09-06T11:06:44+00:00\" \/>\n<meta property=\"article:modified_time\" content=\"2026-09-06T11:07:17+00:00\" \/>\n<meta property=\"og:image\" content=\"https:\/\/www.yachtingnews.com\/wp-content\/uploads\/2026\/09\/CIPNES-INDUSTRIA-NAUTICA-SARDEGNA-COVER.jpg\" \/>\n\t<meta property=\"og:image:width\" content=\"1280\" \/>\n\t<meta property=\"og:image:height\" content=\"720\" \/>\n\t<meta property=\"og:image:type\" content=\"image\/jpeg\" \/>\n<meta name=\"author\" content=\"Gioacchino Ferrari\" \/>\n<meta name=\"twitter:card\" content=\"summary_large_image\" \/>\n<meta name=\"twitter:creator\" content=\"@YachtingMedia\" \/>\n<meta name=\"twitter:site\" content=\"@YachtingMedia\" \/>\n<meta name=\"twitter:label1\" content=\"Escrito por\" \/>\n\t<meta name=\"twitter:data1\" content=\"Gioacchino Ferrari\" \/>\n\t<meta name=\"twitter:label2\" content=\"Est. tempo de leitura\" \/>\n\t<meta name=\"twitter:data2\" content=\"11 minutos\" \/>\n<script type=\"application\/ld+json\" class=\"yoast-schema-graph\">{\"@context\":\"https:\\\/\\\/schema.org\",\"@graph\":[{\"@type\":\"Article\",\"@id\":\"https:\\\/\\\/www.yachtingnews.com\\\/pt-br\\\/cipnes-sardinias-industria-nautica-cannes-inform\\\/#article\",\"isPartOf\":{\"@id\":\"https:\\\/\\\/www.yachtingnews.com\\\/pt-br\\\/cipnes-sardinias-industria-nautica-cannes-inform\\\/\"},\"author\":{\"name\":\"Gioacchino Ferrari\",\"@id\":\"https:\\\/\\\/www.yachtingnews.com\\\/pt-br\\\/#\\\/schema\\\/person\\\/3ababe376a8a4230d2904fc79554d4cc\"},\"headline\":\"CIPNES: no Festival de Iates de Cannes, o setor n\u00e1utico da Sardenha apresenta a nova fronteira do seu crescimento internacional\",\"datePublished\":\"2026-09-06T11:06:44+00:00\",\"dateModified\":\"2026-09-06T11:07:17+00:00\",\"mainEntityOfPage\":{\"@id\":\"https:\\\/\\\/www.yachtingnews.com\\\/pt-br\\\/cipnes-sardinias-industria-nautica-cannes-inform\\\/\"},\"wordCount\":2154,\"commentCount\":0,\"publisher\":{\"@id\":\"https:\\\/\\\/www.yachtingnews.com\\\/pt-br\\\/#organization\"},\"image\":{\"@id\":\"https:\\\/\\\/www.yachtingnews.com\\\/pt-br\\\/cipnes-sardinias-industria-nautica-cannes-inform\\\/#primaryimage\"},\"thumbnailUrl\":\"https:\\\/\\\/www.yachtingnews.com\\\/wp-content\\\/uploads\\\/2026\\\/09\\\/CIPNES-INDUSTRIA-NAUTICA-SARDEGNA-COVER.jpg\",\"keywords\":[\"CIPNES Gallura\",\"Sardenha\"],\"articleSection\":[\"ESPECT\u00c1CULOS DE BARCOS\",\"Not\u00edcias\"],\"inLanguage\":\"pt-BR\",\"potentialAction\":[{\"@type\":\"CommentAction\",\"name\":\"Comment\",\"target\":[\"https:\\\/\\\/www.yachtingnews.com\\\/pt-br\\\/cipnes-sardinias-industria-nautica-cannes-inform\\\/#respond\"]}]},{\"@type\":\"WebPage\",\"@id\":\"https:\\\/\\\/www.yachtingnews.com\\\/pt-br\\\/cipnes-sardinias-industria-nautica-cannes-inform\\\/\",\"url\":\"https:\\\/\\\/www.yachtingnews.com\\\/pt-br\\\/cipnes-sardinias-industria-nautica-cannes-inform\\\/\",\"name\":\"CIPNES: A Sardenha apresenta sua expans\u00e3o internacional em Cannes\",\"isPartOf\":{\"@id\":\"https:\\\/\\\/www.yachtingnews.com\\\/pt-br\\\/#website\"},\"primaryImageOfPage\":{\"@id\":\"https:\\\/\\\/www.yachtingnews.com\\\/pt-br\\\/cipnes-sardinias-industria-nautica-cannes-inform\\\/#primaryimage\"},\"image\":{\"@id\":\"https:\\\/\\\/www.yachtingnews.com\\\/pt-br\\\/cipnes-sardinias-industria-nautica-cannes-inform\\\/#primaryimage\"},\"thumbnailUrl\":\"https:\\\/\\\/www.yachtingnews.com\\\/wp-content\\\/uploads\\\/2026\\\/09\\\/CIPNES-INDUSTRIA-NAUTICA-SARDEGNA-COVER.jpg\",\"datePublished\":\"2026-09-06T11:06:44+00:00\",\"dateModified\":\"2026-09-06T11:07:17+00:00\",\"description\":\"O CIPNES e a Regi\u00e3o da Sardenha apresentam temas como internacionaliza\u00e7\u00e3o, ensino universit\u00e1rio e transi\u00e7\u00e3o energ\u00e9tica no Festival de Iates de Cannes\",\"breadcrumb\":{\"@id\":\"https:\\\/\\\/www.yachtingnews.com\\\/pt-br\\\/cipnes-sardinias-industria-nautica-cannes-inform\\\/#breadcrumb\"},\"inLanguage\":\"pt-BR\",\"potentialAction\":[{\"@type\":\"ReadAction\",\"target\":[\"https:\\\/\\\/www.yachtingnews.com\\\/pt-br\\\/cipnes-sardinias-industria-nautica-cannes-inform\\\/\"]}]},{\"@type\":\"ImageObject\",\"inLanguage\":\"pt-BR\",\"@id\":\"https:\\\/\\\/www.yachtingnews.com\\\/pt-br\\\/cipnes-sardinias-industria-nautica-cannes-inform\\\/#primaryimage\",\"url\":\"https:\\\/\\\/www.yachtingnews.com\\\/wp-content\\\/uploads\\\/2026\\\/09\\\/CIPNES-INDUSTRIA-NAUTICA-SARDEGNA-COVER.jpg\",\"contentUrl\":\"https:\\\/\\\/www.yachtingnews.com\\\/wp-content\\\/uploads\\\/2026\\\/09\\\/CIPNES-INDUSTRIA-NAUTICA-SARDEGNA-COVER.jpg\",\"width\":1280,\"height\":720,\"caption\":\"CIPNES Sardenha \u2013 Capaz de Proteger a Ind\u00fastria N\u00e1utica\"},{\"@type\":\"BreadcrumbList\",\"@id\":\"https:\\\/\\\/www.yachtingnews.com\\\/pt-br\\\/cipnes-sardinias-industria-nautica-cannes-inform\\\/#breadcrumb\",\"itemListElement\":[{\"@type\":\"ListItem\",\"position\":1,\"name\":\"Home\",\"item\":\"https:\\\/\\\/www.yachtingnews.com\\\/pt-br\\\/yachting-news-2\\\/\"},{\"@type\":\"ListItem\",\"position\":2,\"name\":\"CIPNES: no Festival de Iates de Cannes, o setor n\u00e1utico da Sardenha apresenta a nova fronteira do seu crescimento internacional\"}]},{\"@type\":\"WebSite\",\"@id\":\"https:\\\/\\\/www.yachtingnews.com\\\/pt-br\\\/#website\",\"url\":\"https:\\\/\\\/www.yachtingnews.com\\\/pt-br\\\/\",\"name\":\"Yachting News\",\"description\":\"The International Yachting Media\",\"publisher\":{\"@id\":\"https:\\\/\\\/www.yachtingnews.com\\\/pt-br\\\/#organization\"},\"potentialAction\":[{\"@type\":\"SearchAction\",\"target\":{\"@type\":\"EntryPoint\",\"urlTemplate\":\"https:\\\/\\\/www.yachtingnews.com\\\/pt-br\\\/?s={search_term_string}\"},\"query-input\":{\"@type\":\"PropertyValueSpecification\",\"valueRequired\":true,\"valueName\":\"search_term_string\"}}],\"inLanguage\":\"pt-BR\"},{\"@type\":\"Organization\",\"@id\":\"https:\\\/\\\/www.yachtingnews.com\\\/pt-br\\\/#organization\",\"name\":\"Yachting News\",\"url\":\"https:\\\/\\\/www.yachtingnews.com\\\/pt-br\\\/\",\"logo\":{\"@type\":\"ImageObject\",\"inLanguage\":\"pt-BR\",\"@id\":\"https:\\\/\\\/www.yachtingnews.com\\\/pt-br\\\/#\\\/schema\\\/logo\\\/image\\\/\",\"url\":\"https:\\\/\\\/www.yachtingnews.com\\\/wp-content\\\/uploads\\\/2023\\\/02\\\/LOGO-Yachting-NEWS-blu-800.png\",\"contentUrl\":\"https:\\\/\\\/www.yachtingnews.com\\\/wp-content\\\/uploads\\\/2023\\\/02\\\/LOGO-Yachting-NEWS-blu-800.png\",\"width\":790,\"height\":99,\"caption\":\"Yachting News\"},\"image\":{\"@id\":\"https:\\\/\\\/www.yachtingnews.com\\\/pt-br\\\/#\\\/schema\\\/logo\\\/image\\\/\"},\"sameAs\":[\"https:\\\/\\\/www.facebook.com\\\/TheInternationalYachtingMedia\",\"https:\\\/\\\/x.com\\\/YachtingMedia\",\"https:\\\/\\\/www.instagram.com\\\/yachting.news\\\/\",\"https:\\\/\\\/www.linkedin.com\\\/company\\\/the-international-yachting-media\",\"https:\\\/\\\/www.youtube.com\\\/c\\\/TheInternationalYachtingMedia\"]},{\"@type\":\"Person\",\"@id\":\"https:\\\/\\\/www.yachtingnews.com\\\/pt-br\\\/#\\\/schema\\\/person\\\/3ababe376a8a4230d2904fc79554d4cc\",\"name\":\"Gioacchino Ferrari\",\"image\":{\"@type\":\"ImageObject\",\"inLanguage\":\"pt-BR\",\"@id\":\"https:\\\/\\\/www.yachtingnews.com\\\/wp-content\\\/litespeed\\\/avatar\\\/dc077d85eccf2af2e2091f259ae16804.jpg?ver=1788200817\",\"url\":\"https:\\\/\\\/www.yachtingnews.com\\\/wp-content\\\/litespeed\\\/avatar\\\/dc077d85eccf2af2e2091f259ae16804.jpg?ver=1788200817\",\"contentUrl\":\"https:\\\/\\\/www.yachtingnews.com\\\/wp-content\\\/litespeed\\\/avatar\\\/dc077d85eccf2af2e2091f259ae16804.jpg?ver=1788200817\",\"caption\":\"Gioacchino Ferrari\"},\"url\":\"https:\\\/\\\/www.yachtingnews.com\\\/pt-br\\\/author\\\/aliasnico\\\/\"}]}<\/script>\n<!-- \/ Yoast SEO plugin. -->","yoast_head_json":{"title":"CIPNES: A Sardenha apresenta sua expans\u00e3o internacional em Cannes","description":"O CIPNES e a Regi\u00e3o da Sardenha apresentam temas como internacionaliza\u00e7\u00e3o, ensino universit\u00e1rio e transi\u00e7\u00e3o energ\u00e9tica no Festival de Iates de Cannes","robots":{"index":"index","follow":"follow","max-snippet":"max-snippet:-1","max-image-preview":"max-image-preview:large","max-video-preview":"max-video-preview:-1"},"canonical":"https:\/\/www.yachtingnews.com\/pt-br\/cipnes-sardinias-industria-nautica-cannes-inform\/","og_locale":"pt_BR","og_type":"article","og_title":"CIPNES: A Sardenha apresenta sua expans\u00e3o internacional em Cannes","og_description":"O CIPNES e a Regi\u00e3o da Sardenha apresentam temas como internacionaliza\u00e7\u00e3o, ensino universit\u00e1rio e transi\u00e7\u00e3o energ\u00e9tica no Festival de Iates de Cannes","og_url":"https:\/\/www.yachtingnews.com\/pt-br\/cipnes-sardinias-industria-nautica-cannes-inform\/","og_site_name":"Yachting News","article_publisher":"https:\/\/www.facebook.com\/TheInternationalYachtingMedia","article_published_time":"2026-09-06T11:06:44+00:00","article_modified_time":"2026-09-06T11:07:17+00:00","og_image":[{"width":1280,"height":720,"url":"https:\/\/www.yachtingnews.com\/wp-content\/uploads\/2026\/09\/CIPNES-INDUSTRIA-NAUTICA-SARDEGNA-COVER.jpg","type":"image\/jpeg"}],"author":"Gioacchino Ferrari","twitter_card":"summary_large_image","twitter_creator":"@YachtingMedia","twitter_site":"@YachtingMedia","twitter_misc":{"Escrito por":"Gioacchino Ferrari","Est. tempo de leitura":"11 minutos"},"schema":{"@context":"https:\/\/schema.org","@graph":[{"@type":"Article","@id":"https:\/\/www.yachtingnews.com\/pt-br\/cipnes-sardinias-industria-nautica-cannes-inform\/#article","isPartOf":{"@id":"https:\/\/www.yachtingnews.com\/pt-br\/cipnes-sardinias-industria-nautica-cannes-inform\/"},"author":{"name":"Gioacchino Ferrari","@id":"https:\/\/www.yachtingnews.com\/pt-br\/#\/schema\/person\/3ababe376a8a4230d2904fc79554d4cc"},"headline":"CIPNES: no Festival de Iates de Cannes, o setor n\u00e1utico da Sardenha apresenta a nova fronteira do seu crescimento internacional","datePublished":"2026-09-06T11:06:44+00:00","dateModified":"2026-09-06T11:07:17+00:00","mainEntityOfPage":{"@id":"https:\/\/www.yachtingnews.com\/pt-br\/cipnes-sardinias-industria-nautica-cannes-inform\/"},"wordCount":2154,"commentCount":0,"publisher":{"@id":"https:\/\/www.yachtingnews.com\/pt-br\/#organization"},"image":{"@id":"https:\/\/www.yachtingnews.com\/pt-br\/cipnes-sardinias-industria-nautica-cannes-inform\/#primaryimage"},"thumbnailUrl":"https:\/\/www.yachtingnews.com\/wp-content\/uploads\/2026\/09\/CIPNES-INDUSTRIA-NAUTICA-SARDEGNA-COVER.jpg","keywords":["CIPNES Gallura","Sardenha"],"articleSection":["ESPECT\u00c1CULOS DE BARCOS","Not\u00edcias"],"inLanguage":"pt-BR","potentialAction":[{"@type":"CommentAction","name":"Comment","target":["https:\/\/www.yachtingnews.com\/pt-br\/cipnes-sardinias-industria-nautica-cannes-inform\/#respond"]}]},{"@type":"WebPage","@id":"https:\/\/www.yachtingnews.com\/pt-br\/cipnes-sardinias-industria-nautica-cannes-inform\/","url":"https:\/\/www.yachtingnews.com\/pt-br\/cipnes-sardinias-industria-nautica-cannes-inform\/","name":"CIPNES: A Sardenha apresenta sua expans\u00e3o internacional em Cannes","isPartOf":{"@id":"https:\/\/www.yachtingnews.com\/pt-br\/#website"},"primaryImageOfPage":{"@id":"https:\/\/www.yachtingnews.com\/pt-br\/cipnes-sardinias-industria-nautica-cannes-inform\/#primaryimage"},"image":{"@id":"https:\/\/www.yachtingnews.com\/pt-br\/cipnes-sardinias-industria-nautica-cannes-inform\/#primaryimage"},"thumbnailUrl":"https:\/\/www.yachtingnews.com\/wp-content\/uploads\/2026\/09\/CIPNES-INDUSTRIA-NAUTICA-SARDEGNA-COVER.jpg","datePublished":"2026-09-06T11:06:44+00:00","dateModified":"2026-09-06T11:07:17+00:00","description":"O CIPNES e a Regi\u00e3o da Sardenha apresentam temas como internacionaliza\u00e7\u00e3o, ensino universit\u00e1rio e transi\u00e7\u00e3o energ\u00e9tica no Festival de Iates de Cannes","breadcrumb":{"@id":"https:\/\/www.yachtingnews.com\/pt-br\/cipnes-sardinias-industria-nautica-cannes-inform\/#breadcrumb"},"inLanguage":"pt-BR","potentialAction":[{"@type":"ReadAction","target":["https:\/\/www.yachtingnews.com\/pt-br\/cipnes-sardinias-industria-nautica-cannes-inform\/"]}]},{"@type":"ImageObject","inLanguage":"pt-BR","@id":"https:\/\/www.yachtingnews.com\/pt-br\/cipnes-sardinias-industria-nautica-cannes-inform\/#primaryimage","url":"https:\/\/www.yachtingnews.com\/wp-content\/uploads\/2026\/09\/CIPNES-INDUSTRIA-NAUTICA-SARDEGNA-COVER.jpg","contentUrl":"https:\/\/www.yachtingnews.com\/wp-content\/uploads\/2026\/09\/CIPNES-INDUSTRIA-NAUTICA-SARDEGNA-COVER.jpg","width":1280,"height":720,"caption":"CIPNES Sardenha \u2013 Capaz de Proteger a Ind\u00fastria N\u00e1utica"},{"@type":"BreadcrumbList","@id":"https:\/\/www.yachtingnews.com\/pt-br\/cipnes-sardinias-industria-nautica-cannes-inform\/#breadcrumb","itemListElement":[{"@type":"ListItem","position":1,"name":"Home","item":"https:\/\/www.yachtingnews.com\/pt-br\/yachting-news-2\/"},{"@type":"ListItem","position":2,"name":"CIPNES: no Festival de Iates de Cannes, o setor n\u00e1utico da Sardenha apresenta a nova fronteira do seu crescimento internacional"}]},{"@type":"WebSite","@id":"https:\/\/www.yachtingnews.com\/pt-br\/#website","url":"https:\/\/www.yachtingnews.com\/pt-br\/","name":"Yachting News","description":"The International Yachting Media","publisher":{"@id":"https:\/\/www.yachtingnews.com\/pt-br\/#organization"},"potentialAction":[{"@type":"SearchAction","target":{"@type":"EntryPoint","urlTemplate":"https:\/\/www.yachtingnews.com\/pt-br\/?s={search_term_string}"},"query-input":{"@type":"PropertyValueSpecification","valueRequired":true,"valueName":"search_term_string"}}],"inLanguage":"pt-BR"},{"@type":"Organization","@id":"https:\/\/www.yachtingnews.com\/pt-br\/#organization","name":"Yachting News","url":"https:\/\/www.yachtingnews.com\/pt-br\/","logo":{"@type":"ImageObject","inLanguage":"pt-BR","@id":"https:\/\/www.yachtingnews.com\/pt-br\/#\/schema\/logo\/image\/","url":"https:\/\/www.yachtingnews.com\/wp-content\/uploads\/2023\/02\/LOGO-Yachting-NEWS-blu-800.png","contentUrl":"https:\/\/www.yachtingnews.com\/wp-content\/uploads\/2023\/02\/LOGO-Yachting-NEWS-blu-800.png","width":790,"height":99,"caption":"Yachting News"},"image":{"@id":"https:\/\/www.yachtingnews.com\/pt-br\/#\/schema\/logo\/image\/"},"sameAs":["https:\/\/www.facebook.com\/TheInternationalYachtingMedia","https:\/\/x.com\/YachtingMedia","https:\/\/www.instagram.com\/yachting.news\/","https:\/\/www.linkedin.com\/company\/the-international-yachting-media","https:\/\/www.youtube.com\/c\/TheInternationalYachtingMedia"]},{"@type":"Person","@id":"https:\/\/www.yachtingnews.com\/pt-br\/#\/schema\/person\/3ababe376a8a4230d2904fc79554d4cc","name":"Gioacchino Ferrari","image":{"@type":"ImageObject","inLanguage":"pt-BR","@id":"https:\/\/www.yachtingnews.com\/wp-content\/litespeed\/avatar\/dc077d85eccf2af2e2091f259ae16804.jpg?ver=1788200817","url":"https:\/\/www.yachtingnews.com\/wp-content\/litespeed\/avatar\/dc077d85eccf2af2e2091f259ae16804.jpg?ver=1788200817","contentUrl":"https:\/\/www.yachtingnews.com\/wp-content\/litespeed\/avatar\/dc077d85eccf2af2e2091f259ae16804.jpg?ver=1788200817","caption":"Gioacchino Ferrari"},"url":"https:\/\/www.yachtingnews.com\/pt-br\/author\/aliasnico\/"}]}},"_links":{"self":[{"href":"https:\/\/www.yachtingnews.com\/pt-br\/wp-json\/wp\/v2\/posts\/172424","targetHints":{"allow":["GET"]}}],"collection":[{"href":"https:\/\/www.yachtingnews.com\/pt-br\/wp-json\/wp\/v2\/posts"}],"about":[{"href":"https:\/\/www.yachtingnews.com\/pt-br\/wp-json\/wp\/v2\/types\/post"}],"author":[{"embeddable":true,"href":"https:\/\/www.yachtingnews.com\/pt-br\/wp-json\/wp\/v2\/users\/3"}],"replies":[{"embeddable":true,"href":"https:\/\/www.yachtingnews.com\/pt-br\/wp-json\/wp\/v2\/comments?post=172424"}],"version-history":[{"count":2,"href":"https:\/\/www.yachtingnews.com\/pt-br\/wp-json\/wp\/v2\/posts\/172424\/revisions"}],"predecessor-version":[{"id":172433,"href":"https:\/\/www.yachtingnews.com\/pt-br\/wp-json\/wp\/v2\/posts\/172424\/revisions\/172433"}],"wp:featuredmedia":[{"embeddable":true,"href":"https:\/\/www.yachtingnews.com\/pt-br\/wp-json\/wp\/v2\/media\/172425"}],"wp:attachment":[{"href":"https:\/\/www.yachtingnews.com\/pt-br\/wp-json\/wp\/v2\/media?parent=172424"}],"wp:term":[{"taxonomy":"category","embeddable":true,"href":"https:\/\/www.yachtingnews.com\/pt-br\/wp-json\/wp\/v2\/categories?post=172424"},{"taxonomy":"post_tag","embeddable":true,"href":"https:\/\/www.yachtingnews.com\/pt-br\/wp-json\/wp\/v2\/tags?post=172424"}],"curies":[{"name":"wp","href":"https:\/\/api.w.org\/{rel}","templated":true}]}}