{"id":172462,"date":"2026-09-06T13:51:05","date_gmt":"2026-09-06T12:51:05","guid":{"rendered":"https:\/\/www.yachtingnews.com\/area-de-vela-cannes26\/"},"modified":"2026-09-06T13:52:09","modified_gmt":"2026-09-06T12:52:09","slug":"area-de-vela-cannes26","status":"publish","type":"post","link":"https:\/\/www.yachtingnews.com\/pt-br\/area-de-vela-cannes26\/","title":{"rendered":"Festival de Iates de Cannes 2026: \u00c1rea de Vela com foco em estreias mundiais"},"content":{"rendered":"\t\t<div data-elementor-type=\"wp-post\" data-elementor-id=\"172462\" class=\"elementor elementor-172462 elementor-172440\" data-elementor-post-type=\"post\">\n\t\t\t\t\t\t<section class=\"elementor-section elementor-top-section elementor-element elementor-element-6c9bfdb elementor-section-boxed elementor-section-height-default elementor-section-height-default\" data-id=\"6c9bfdb\" data-element_type=\"section\" data-e-type=\"section\">\n\t\t\t\t\t\t<div class=\"elementor-container elementor-column-gap-default\">\n\t\t\t\t\t<div class=\"elementor-column elementor-col-100 elementor-top-column elementor-element elementor-element-fffa611\" data-id=\"fffa611\" data-element_type=\"column\" data-e-type=\"column\">\n\t\t\t<div class=\"elementor-widget-wrap elementor-element-populated\">\n\t\t\t\t\t\t<div class=\"elementor-element elementor-element-7c0973b elementor-widget elementor-widget-text-editor\" data-id=\"7c0973b\" data-element_type=\"widget\" data-e-type=\"widget\" data-widget_type=\"text-editor.default\">\n\t\t\t\t<div class=\"elementor-widget-container\">\n\t\t\t\t\t\t\t\t\t<p><span style=\"font-weight: 400;\">De 8 a 13 de setembro de 2026, o Cannes Yachting Festival volta ao Port Canto para reunir uma das mais importantes frotas de veleiros novos apresentados na \u00e1gua. A \u00c1rea de Vela, em funcionamento desde 2019 e dedicada a veleiros novos com mais de 10 metros, vai receber <\/span><b>120 monocascos e multicascos<\/b> <span style=\"font-weight: 400;\"> este ano, com mais de 400 metros de cais reservados para os primeiros e mais de 450 metros para os segundos. O sal\u00e3o n\u00e1utico franc\u00eas confirma, assim, o papel central da vela no evento, combinando a exposi\u00e7\u00e3o na \u00e1gua com estandes de estaleiros, fabricantes de equipamentos e empresas de servi\u00e7os especializadas. O que vai marcar a edi\u00e7\u00e3o de 2026 \u00e9, acima de tudo, o n\u00famero significativo de estreias internacionais, <\/span><b>onze<\/b><span style=\"font-weight: 400;\"> no total, incluindo <\/span><b>seis monocascos e cinco catamar\u00e3s<\/b><span style=\"font-weight: 400;\">.<\/span> <\/p><h2>Uma frota internacional na \u00e1rea de velejo<\/h2><p><span style=\"font-weight: 400;\">A sele\u00e7\u00e3o na \u00c1rea de Vela de Cannes 2026 abrange uma parte significativa da produ\u00e7\u00e3o global atual. Da Fran\u00e7a \u00e0 Alemanha, da Finl\u00e2ndia \u00e0 It\u00e1lia, at\u00e9 a China e a \u00c1frica do Sul, os novos modelos mostram diferentes abordagens em rela\u00e7\u00e3o a cruzeiros, desempenho e vida a bordo.<\/span><\/p><p><span style=\"font-weight: 400;\">Constance Br\u00e9ment, diretora do Cannes Yachting Festival, resume a import\u00e2ncia do evento: \u00abA vela tem um papel de destaque no Cannes Yachting Festival. Com 120 monocascos e multicascos reunidos em Port Canto, a \u00c1rea de Vela \u2014 que \u00e9 uma verdadeira maravilha para nossos visitantes \u2014 oferece um panorama excepcional da diversidade e do dinamismo do setor. Este ano, quase um em cada cinco barcos ser\u00e1 apresentado como estreia mundial, o que mostra a criatividade e a expertise dos estaleiros que combinam com paix\u00e3o desempenho, conforto, inova\u00e7\u00e3o e o prazer de viver no mar.\u00bb<\/span><\/p><h2>ICE 80 Blue Water Sport, o novo carro-chefe da ICE Yachts<\/h2><p><span style=\"font-weight: 400;\">Entre as novidades mais esperadas est\u00e1 o <\/span><b>ICE 80 Blue Water Sport<\/b><span style=\"font-weight: 400;\">, o novo carro-chefe da ICE Yachts e um projeto desenvolvido em parceria com a Felci Yacht Design. A embarca\u00e7\u00e3o de 24 metros marca a entrada do estaleiro italiano no segmento de grandes iates \u00e0 vela de luxo, elevando a filosofia de \u201ccruiser de alto desempenho\u201d da marca a um novo patamar.<\/span><\/p><p><img decoding=\"async\" class=\"aligncenter size-full wp-image-172441\" src=\"https:\/\/www.yachtingnews.com\/wp-content\/uploads\/2026\/09\/spazio-vela-ICE80-Titanio-1-wb-1.jpg\" alt=\"\u00e1rea de navega\u00e7\u00e3o no gelo 80 n\u00e3o\" width=\"2000\" height=\"1125\" srcset=\"https:\/\/www.yachtingnews.com\/wp-content\/uploads\/2026\/09\/spazio-vela-ICE80-Titanio-1-wb-1.jpg 2000w, https:\/\/www.yachtingnews.com\/wp-content\/uploads\/2026\/09\/spazio-vela-ICE80-Titanio-1-wb-1-300x169.jpg 300w, https:\/\/www.yachtingnews.com\/wp-content\/uploads\/2026\/09\/spazio-vela-ICE80-Titanio-1-wb-1-1600x900.jpg 1600w, https:\/\/www.yachtingnews.com\/wp-content\/uploads\/2026\/09\/spazio-vela-ICE80-Titanio-1-wb-1-768x432.jpg 768w, https:\/\/www.yachtingnews.com\/wp-content\/uploads\/2026\/09\/spazio-vela-ICE80-Titanio-1-wb-1-1536x864.jpg 1536w\" sizes=\"(max-width: 2000px) 100vw, 2000px\" \/><\/p><p><span style=\"font-weight: 400;\">O casco, o conv\u00e9s e as estruturas do <a href=\"https:\/\/www.yachtingnews.com\/pt-br\/ice-80-pre-visualizacao\/\">ICE 80 s\u00e3o <\/a>feitos de carbono por meio do processo de infus\u00e3o a v\u00e1cuo \u201cone shot\u201d, com o objetivo de reduzir o peso e manter altos n\u00edveis de rigidez estrutural. O barco mede <\/span><b>24 metros de comprimento total e 6,52 metros de largura m\u00e1xima<\/b><span style=\"font-weight: 400;\">, enquanto a quilha telesc\u00f3pica permite que o calado varie de <\/span><b>3,20 a 4,60 metros<\/b><span style=\"font-weight: 400;\">.<\/span><\/p><p><span style=\"font-weight: 400;\">O layout do conv\u00e9s conta com dois cockpits distintos, com a \u00e1rea de manobra separada da \u00e1rea dos convidados. O conv\u00e9s se destaca pelos amplos conveses laterais e por um teto baixo e aerodin\u00e2mico; na popa, h\u00e1 uma grande plataforma de mergulho e uma garagem para um <\/span><b>bote de 3,50 metros<\/b><span style=\"font-weight: 400;\">. O interior inclui uma cabine do propriet\u00e1rio e duas cabines VIP, al\u00e9m de uma \u00e1rea separada para a tripula\u00e7\u00e3o.<\/span><\/p><h2>AMEL 50.2: A evolu\u00e7\u00e3o dos cruzeiros<\/h2><p><span style=\"font-weight: 400;\">Entre as estreias oficiais est\u00e1 o <\/span><b>AMEL 50.2<\/b><span style=\"font-weight: 400;\">, um monocasco <\/span><b>com 16,70 metros de comprimento e 4,99 metros de largura<\/b><span style=\"font-weight: 400;\">. Projetado pelo est\u00fadio Berret-Racoupeau, ele traz uma proa invertida e um formato de casco atualizado, mantendo algumas das caracter\u00edsticas marcantes da produ\u00e7\u00e3o da AMEL.<\/span><\/p><p><img decoding=\"async\" class=\"aligncenter size-full wp-image-172442\" src=\"https:\/\/www.yachtingnews.com\/wp-content\/uploads\/2026\/09\/AMEL-50.2.-Visuel-3D-Berret-Racoupeau-Yacht-Design-scaled-1-scaled-1.jpeg\" alt=\"\" width=\"2048\" height=\"1152\" srcset=\"https:\/\/www.yachtingnews.com\/wp-content\/uploads\/2026\/09\/AMEL-50.2.-Visuel-3D-Berret-Racoupeau-Yacht-Design-scaled-1-scaled-1.jpeg 2048w, https:\/\/www.yachtingnews.com\/wp-content\/uploads\/2026\/09\/AMEL-50.2.-Visuel-3D-Berret-Racoupeau-Yacht-Design-scaled-1-scaled-1-300x169.jpeg 300w, https:\/\/www.yachtingnews.com\/wp-content\/uploads\/2026\/09\/AMEL-50.2.-Visuel-3D-Berret-Racoupeau-Yacht-Design-scaled-1-scaled-1-1600x900.jpeg 1600w, https:\/\/www.yachtingnews.com\/wp-content\/uploads\/2026\/09\/AMEL-50.2.-Visuel-3D-Berret-Racoupeau-Yacht-Design-scaled-1-scaled-1-768x432.jpeg 768w, https:\/\/www.yachtingnews.com\/wp-content\/uploads\/2026\/09\/AMEL-50.2.-Visuel-3D-Berret-Racoupeau-Yacht-Design-scaled-1-scaled-1-1536x864.jpeg 1536w\" sizes=\"(max-width: 2048px) 100vw, 2048px\" \/><\/p><p><span style=\"font-weight: 400;\">A cabine central, profunda e superprotegida, foi projetada para oferecer mais seguran\u00e7a durante a navega\u00e7\u00e3o, enquanto os espa\u00e7os de conviv\u00eancia foram ampliados. O aumento da \u00e1rea dedicada aos pain\u00e9is solares tamb\u00e9m refor\u00e7a sua configura\u00e7\u00e3o como um veleiro de cruzeiro feito para viagens de longa dist\u00e2ncia.<\/span><\/p><h2>CNB 62: Navega\u00e7\u00e3o em alto mar com tripula\u00e7\u00e3o reduzida<\/h2><p><span style=\"font-weight: 400;\">O <\/span><b>CNB 62<\/b><span style=\"font-weight: 400;\"> traz uma nova abordagem para a navega\u00e7\u00e3o em alto mar em Cannes. Com seus <\/span><b>19,48 metros de comprimento e 5,33 metros de largura<\/b><span style=\"font-weight: 400;\">, o projeto assinado por Philippe Briand foi pensado para ser manobrado mesmo com uma tripula\u00e7\u00e3o reduzida.<\/span><\/p><p><img decoding=\"async\" class=\"aligncenter size-full wp-image-172443\" src=\"https:\/\/www.yachtingnews.com\/wp-content\/uploads\/2026\/09\/spazio-vela-CNB62_00268-1.jpg\" alt=\"zona de navega\u00e7\u00e3o\" width=\"1200\" height=\"799\" srcset=\"https:\/\/www.yachtingnews.com\/wp-content\/uploads\/2026\/09\/spazio-vela-CNB62_00268-1.jpg 1200w, https:\/\/www.yachtingnews.com\/wp-content\/uploads\/2026\/09\/spazio-vela-CNB62_00268-1-300x200.jpg 300w, https:\/\/www.yachtingnews.com\/wp-content\/uploads\/2026\/09\/spazio-vela-CNB62_00268-1-768x511.jpg 768w\" sizes=\"(max-width: 1200px) 100vw, 1200px\" \/><\/p><p><span style=\"font-weight: 400;\">As principais caracter\u00edsticas incluem o amplo sal\u00e3o banhado por luz natural, o arco de carbono que amplia o espa\u00e7o do cockpit e a garagem longitudinal para o bote. O resultado busca combinar conforto e funcionalidade, com um layout espacial projetado para facilitar o manuseio do barco.<\/span><\/p><h2>Grand Soleil 80 Plus Long Cruise: Desempenho e travessias oce\u00e2nicas<\/h2><p><span style=\"font-weight: 400;\">O <\/span><b>Grand Soleil 80 Plus Long Cruise<\/b><span style=\"font-weight: 400;\"> representa o novo \u00e1pice da linha Plus da Cantiere del Pardo. O <\/span><b>iate de 26,2 metros<\/b><span style=\"font-weight: 400;\"> foi criado para donos interessados em longas travessias oce\u00e2nicas sem abrir m\u00e3o do desempenho de navega\u00e7\u00e3o.<\/span><\/p><p><img decoding=\"async\" class=\"aligncenter size-full wp-image-172451\" src=\"https:\/\/www.yachtingnews.com\/wp-content\/uploads\/2026\/09\/grand-soleil-60-long-cruise-0-HERO.jpg\" alt=\"Grand Soleil 60 Long Cruise\" width=\"1400\" height=\"933\" srcset=\"https:\/\/www.yachtingnews.com\/wp-content\/uploads\/2026\/09\/grand-soleil-60-long-cruise-0-HERO.jpg 1400w, https:\/\/www.yachtingnews.com\/wp-content\/uploads\/2026\/09\/grand-soleil-60-long-cruise-0-HERO-300x200.jpg 300w, https:\/\/www.yachtingnews.com\/wp-content\/uploads\/2026\/09\/grand-soleil-60-long-cruise-0-HERO-768x512.jpg 768w\" sizes=\"(max-width: 1400px) 100vw, 1400px\" \/><\/p><p><span style=\"font-weight: 400;\">A estrutura de carbono, os lemes duplos e a quilha telesc\u00f3pica aumentam a versatilidade do barco, enquanto a plataforma h\u00edbrida Torqeedo traz um recurso tecnol\u00f3gico voltado para cruzeiros de longo alcance. O projeto tem a assinatura do Cantiere del Pardo, do Matteo Polli e da Nauta Design, com interiores claros e uma separa\u00e7\u00e3o bem definida entre os espa\u00e7os dos convidados e da tripula\u00e7\u00e3o.<\/span><\/p><h2>Novo Y7: Um novo cap\u00edtulo para a YYachts<\/h2> <p><span style=\"font-weight: 400;\">O novo <\/span><b>Y7<\/b><span style=\"font-weight: 400;\"> da YYachts, <\/span><b>com 21,99 metros de comprimento<\/b><span style=\"font-weight: 400;\">, foi redesenhado pela Judel\/Vrolijk &#038; Co. e d\u00e1 continuidade \u00e0 filosofia do estaleiro alem\u00e3o, que prioriza desempenho, simplicidade e luxo discreto. O novo layout assim\u00e9trico da escada de acesso facilita a entrada na cabine de comando, enquanto a cabine mais protegida e o sof\u00e1 em forma de U aumentam o conforto ao ar livre.<\/span><\/p><p><span style=\"font-weight: 400;\">Uma das mudan\u00e7as mais significativas diz respeito \u00e0 sala de m\u00e1quinas, que foi transferida para um espa\u00e7o exclusivo acess\u00edvel por dois pontos. Essa solu\u00e7\u00e3o simplifica as opera\u00e7\u00f5es de manuten\u00e7\u00e3o e separa as \u00e1reas t\u00e9cnicas dos espa\u00e7os de conviv\u00eancia.<\/span><\/p><h2>Swan 80-301: O grande veleiro de regata e cruzeiro da Nautor Swan<\/h2><p><span style=\"font-weight: 400;\">O <\/span><b>Swan 80-301<\/b><span style=\"font-weight: 400;\"> traz a tradi\u00e7\u00e3o da Nautor Swan no segmento de grandes iates \u00e0 vela para Cannes. O <\/span><b>monocasco de 25,55 metros<\/b><span style=\"font-weight: 400;\"> foi projetado por Germ\u00e1n Frers, com design exterior de Lucio Micheletti e design de interiores de Misa Poggi.<\/span><\/p><p><img decoding=\"async\" class=\"aligncenter size-full wp-image-172444\" src=\"https:\/\/www.yachtingnews.com\/wp-content\/uploads\/2026\/09\/Swan-80-301-spazio-vela.jpg\" alt=\"zona de navega\u00e7\u00e3o\" width=\"1280\" height=\"959\" srcset=\"https:\/\/www.yachtingnews.com\/wp-content\/uploads\/2026\/09\/Swan-80-301-spazio-vela.jpg 1280w, https:\/\/www.yachtingnews.com\/wp-content\/uploads\/2026\/09\/Swan-80-301-spazio-vela-300x225.jpg 300w, https:\/\/www.yachtingnews.com\/wp-content\/uploads\/2026\/09\/Swan-80-301-spazio-vela-768x575.jpg 768w\" sizes=\"(max-width: 1280px) 100vw, 1280px\" \/><\/p><p><span style=\"font-weight: 400;\">O projeto combina um design de veleiro de regata e cruzeiro com maior agilidade no manuseio da embarca\u00e7\u00e3o. O cockpit modular e os dois postos de comando permitem que o conv\u00e9s seja rapidamente adaptado a diferentes situa\u00e7\u00f5es, desde a navega\u00e7\u00e3o at\u00e9 o lazer.<\/span><\/p><h2>Aquila 45 Sail: O multicasco \u00e0 vela segundo a Aquila<\/h2><p><span style=\"font-weight: 400;\">Com o <\/span><b>Aquila 45 Sail<\/b><span style=\"font-weight: 400;\">, o estaleiro chin\u00eas Aquila amplia sua linha de veleiros, focando principalmente no espa\u00e7o e no conforto. O catamar\u00e3, <\/span><b>com 13,42 metros de comprimento e 7,65 metros de largura<\/b><span style=\"font-weight: 400;\">, tem uma plataforma fixa na proa, um flybridge aberto e um cockpit na popa diretamente conectado ao sal\u00e3o.<\/span><\/p><p><img decoding=\"async\" class=\"aligncenter size-full wp-image-172054\" src=\"https:\/\/www.yachtingnews.com\/wp-content\/uploads\/2026\/08\/Aquila-Catamarans-45-Sail.png\" alt=\"Aquila Catamarans 45 Sail\" width=\"1382\" height=\"777\" srcset=\"https:\/\/www.yachtingnews.com\/wp-content\/uploads\/2026\/08\/Aquila-Catamarans-45-Sail.png 1382w, https:\/\/www.yachtingnews.com\/wp-content\/uploads\/2026\/08\/Aquila-Catamarans-45-Sail-300x169.png 300w, https:\/\/www.yachtingnews.com\/wp-content\/uploads\/2026\/08\/Aquila-Catamarans-45-Sail-768x432.png 768w\" sizes=\"(max-width: 1382px) 100vw, 1382px\" \/><\/p><p><span style=\"font-weight: 400;\">As amplas superf\u00edcies envidra\u00e7adas aumentam a luminosidade e a conex\u00e3o visual com o mar, enquanto a disponibilidade de configura\u00e7\u00f5es com tr\u00eas ou quatro cabines permite que o modelo atenda tanto ao mercado de propriet\u00e1rios particulares quanto ao de fretamento.<\/span><\/p><h2>Fountaine Pajot FP48: Uma nova gera\u00e7\u00e3o de catamar\u00e3s<\/h2><p><span style=\"font-weight: 400;\">O <\/span><b>FP48<\/b><span style=\"font-weight: 400;\"> d\u00e1 continuidade ao legado do Tanna 47 e apresenta uma nova gera\u00e7\u00e3o de catamar\u00e3s \u00e0 vela da Fountaine Pajot. O projeto tem <\/span><b>14,92 metros de comprimento por 7,90 metros de largura<\/b><span style=\"font-weight: 400;\">.<\/span><\/p><p><img decoding=\"async\" class=\"aligncenter size-full wp-image-172445\" src=\"https:\/\/www.yachtingnews.com\/wp-content\/uploads\/2026\/09\/Fountaine-Pajot-FP48-spazio-vela.jpg\" alt=\"zona de navega\u00e7\u00e3o\" width=\"1280\" height=\"720\" srcset=\"https:\/\/www.yachtingnews.com\/wp-content\/uploads\/2026\/09\/Fountaine-Pajot-FP48-spazio-vela.jpg 1280w, https:\/\/www.yachtingnews.com\/wp-content\/uploads\/2026\/09\/Fountaine-Pajot-FP48-spazio-vela-300x169.jpg 300w, https:\/\/www.yachtingnews.com\/wp-content\/uploads\/2026\/09\/Fountaine-Pajot-FP48-spazio-vela-768x432.jpg 768w\" sizes=\"(max-width: 1280px) 100vw, 1280px\" \/><\/p><p><span style=\"font-weight: 400;\">Uma das caracter\u00edsticas marcantes \u00e9 a ampla \u00e1rea envidra\u00e7ada, que cria continuidade entre o cockpit de popa e o sal\u00e3o. A cozinha central, o cockpit de proa e o Lounge Deck ampliam ainda mais os espa\u00e7os dedicados \u00e0 conviv\u00eancia. O modelo estar\u00e1 dispon\u00edvel nas vers\u00f5es Maestro e Quatuor e integra pain\u00e9is solares e a tecnologia ODSea+ para aumentar a autonomia energ\u00e9tica.<\/span><\/p><h2>Leopard 43: Mais esportividade para passeios<\/h2><p><span style=\"font-weight: 400;\">O <\/span><b>Leopard 43<\/b><span style=\"font-weight: 400;\"> marca um novo rumo para o construtor sul-africano, apresentando uma configura\u00e7\u00e3o mais esportiva e \u00e1gil, sem abrir m\u00e3o do conforto. O catamar\u00e3 mede <\/span><b>12,97 metros por 7,04 metros de largura<\/b><span style=\"font-weight: 400;\">.<\/span><\/p><p><span style=\"font-weight: 400;\">Os cascos com proas invertidas e plano v\u00e9lico otimizado s\u00e3o voltados para o desempenho, enquanto as grandes janelas garantem vistas panor\u00e2micas e muita luz no interior. O layout conecta perfeitamente o cockpit, o sal\u00e3o e a \u00e1rea de relaxamento na cobertura, facilitando a circula\u00e7\u00e3o entre as v\u00e1rias zonas do barco.<\/span><\/p><h2>Lagoon 47: Configurabilidade e Continuidade dos Espa\u00e7os<\/h2><p><span style=\"font-weight: 400;\">O <\/span><b>Lagoon 47<\/b><span style=\"font-weight: 400;\"> reinterpreta o cruzeiro em catamar\u00e3 com foco na liberdade de configura\u00e7\u00e3o e na fluidez dos movimentos. Com um comprimento de <\/span><b>14,95 metros e uma largura de 7,96 metros<\/b><span style=\"font-weight: 400;\">, o novo modelo traz v\u00e1rias solu\u00e7\u00f5es para ampliar a \u00e1rea realmente aproveit\u00e1vel a bordo.<\/span><\/p><p><span style=\"font-weight: 400;\">A porta que liga diretamente o cockpit dianteiro ao sal\u00e3o transforma essa \u00e1rea em um verdadeiro espa\u00e7o adicional de conviv\u00eancia, enquanto o flybridge cria um espa\u00e7o aberto extra de frente para o mar. O Smart Room modular e as diversas op\u00e7\u00f5es de layout das cabines permitem que a disposi\u00e7\u00e3o interna seja personalizada de acordo com o programa de cruzeiro.<\/span><\/p><h2>Windelo 55 Sport: o catamar\u00e3 voltado para o desempenho<\/h2> <p><span style=\"font-weight: 400;\">Fechando a sele\u00e7\u00e3o est\u00e1 o <\/span><b>Windelo 55 Sport<\/b><span style=\"font-weight: 400;\">, um <\/span><b>catamar\u00e3 de 16,24 metros por 7,98 metros<\/b><span style=\"font-weight: 400;\"> que confirma a abordagem esportiva da marca francesa. O projeto foi pensado para cruzeiros em alto mar e combina um plano v\u00e9lico generoso com quilhas retr\u00e1teis em carbono alongadas. O objetivo \u00e9 alcan\u00e7ar um equil\u00edbrio entre velocidade e conforto, mantendo a estabilidade e os espa\u00e7os sociais t\u00edpicos de um multicasco.<\/span><\/p><h2>A revista Sailing Area oferece uma vis\u00e3o geral completa da navega\u00e7\u00e3o \u00e0 vela contempor\u00e2nea<\/h2><p><span style=\"font-weight: 400;\">A sele\u00e7\u00e3o de estreias na \u00c1rea de Vela reflete algumas das principais tend\u00eancias que os construtores de iates \u00e0 vela est\u00e3o seguindo atualmente: maior efici\u00eancia, foco no conforto, redu\u00e7\u00e3o de peso, otimiza\u00e7\u00e3o do desempenho e uma capacidade cada vez maior de personalizar os espa\u00e7os.<\/span><\/p><p><span style=\"font-weight: 400;\">Os monocascos e os catamar\u00e3s oferecem diferentes interpreta\u00e7\u00f5es de um mesmo objetivo: melhorar a qualidade da experi\u00eancia no mar sem abrir m\u00e3o das qualidades n\u00e1uticas de seus respectivos projetos. No contexto do <a href=\"https:\/\/www.yachtingnews.com\/pt-br\/cannes-yachting-festival-2026-date\/\">Festival de Iates de Cannes 2026<\/a>, essas onze novidades far\u00e3o parte de uma frota total de <\/span><b>120 monocascos e multicascos<\/b><span style=\"font-weight: 400;\">, ajudando a tornar Port Canto um dos principais pontos de observa\u00e7\u00e3o das tend\u00eancias internacionais da navega\u00e7\u00e3o \u00e0 vela.<\/span><\/p><h2>Conclus\u00f5es<\/h2><p><span style=\"font-weight: 400;\">A \u00c1rea de Navega\u00e7\u00e3o do Cannes Yachting Festival 2026 se destaca como uma das se\u00e7\u00f5es mais interessantes da edi\u00e7\u00e3o, gra\u00e7as a uma frota que contrasta diferentes filosofias de design e a uma concentra\u00e7\u00e3o particularmente alta de estreias. Do ICE 80 Blue Water Sport aos novos catamar\u00e3s da Aquila, Fountaine Pajot, Leopard, Lagoon e Windelo, al\u00e9m dos principais monocascos da AMEL, CNB, Grand Soleil, YYachts e Nautor Swan, o evento oferece um panorama completo da evolu\u00e7\u00e3o dos veleiros de cruzeiro contempor\u00e2neos.<\/span><\/p><p><span style=\"font-weight: 400;\">Com <\/span><b>onze estreias mundiais<\/b><span style=\"font-weight: 400;\"> nesta sele\u00e7\u00e3o e <\/span><b>120 embarca\u00e7\u00f5es no total<\/b><span style=\"font-weight: 400;\"> presentes em Port Canto, Cannes confirma seu status como um ponto de observa\u00e7\u00e3o privilegiado para entender para onde o iatismo \u00e0 vela est\u00e1 indo hoje.<\/span><\/p><h2>Fontes e refer\u00eancias<\/h2><table dir=\"ltr\" border=\"1\" cellspacing=\"0\" cellpadding=\"0\" data-sheets-root=\"1\" data-sheets-baot=\"1\"><colgroup> <col width=\"100\"> <col width=\"100\"><\/colgroup><tbody><tr><td><strong>Fonte<\/strong><\/td><td><strong>Conte\u00fado<\/strong><\/td><\/tr><tr><td><a href=\"https:\/\/www.cannesyachtingfestival.com\/\">Festival de Iates de Cannes<\/a><\/td><td><div><div>Informa\u00e7\u00f5es oficiais sobre o evento, programa\u00e7\u00e3o e \u00e1rea de navega\u00e7\u00e3o<\/div><\/div><\/td><\/tr><tr><td>Comunicado \u00e0 imprensa do Festival de Iates de Cannes \u2013 agosto de 2026<\/td><td><div><div>Estreias mundiais, detalhes dos modelos e informa\u00e7\u00f5es sobre a \u00c1rea de Vela<\/div><\/div><\/td><\/tr><\/tbody><\/table><h2>\u00c1rea de Vela em Cannes 2026 \u2013 Perguntas frequentes<\/h2>\t\t\t\t\t\t\t\t<\/div>\n\t\t\t\t<\/div>\n\t\t\t\t<div class=\"elementor-element elementor-element-15da84a elementor-grid-1 elementor-grid-tablet-2 elementor-grid-mobile-1 elementor-widget elementor-widget-uael-faq\" data-id=\"15da84a\" data-element_type=\"widget\" data-e-type=\"widget\" data-widget_type=\"uael-faq.default\">\n\t\t\t\t<div class=\"elementor-widget-container\">\n\t\t\t\t\t\n\t\t\t<div id='uael-faq-wrapper-229' class=\"uael-faq-wrapper\">\n\t\t\t\t<div class=\"uael-faq-container uael-faq-layout-grid elementor-grid\" >\n\t\t\t\t\t\t\t\t\t\t\t\t<div id=\"uael-accordion-c697c95\" class=\"uael-faq-accordion elementor-grid-item\" role=\"tablist\">\n\t\t\t\t\t\t\t\t<div class= \"uael-accordion-title\" aria-expanded=\"false\" role=\"tab\">\n\t\t\t\t\t\t\t\t\t<span class=\"uael-accordion-icon uael-accordion-icon-\">\n\t\t\t\t\t\t\t\t\t\t<span class=\"uael-accordion-icon-closed\"><\/span>\n\t\t\t\t\t\t\t\t\t\t<span class=\"uael-accordion-icon-opened\"><\/span>\n\t\t\t\t\t\t\t\t\t<\/span>\n\t\t\t\t\t\t\t\t\t<h3 class=\"uael-question-c697c95 uael-question-span\" tabindex=\"0\" id=\"uael-faq-1-6a9d7e5e50b22\">Quais s\u00e3o as principais estreias n\u00e1uticas do Festival de Iates de Cannes de 2026?<\/h3>\n\t\t\t\t\t\t\t\t<\/div>\n\t\t\t\t\t\t\t\t<div class=\"uael-accordion-content\" role=\"tabpanel\">\n\t\t\t\t\t\t\t\t\t<span>\n\t\t\t\t\t\t\t\t\t<span><p>A sele\u00e7\u00e3o inclui onze modelos: ICE 80 Blue Water Sport, AMEL 50.2, CNB 62, Grand Soleil 80 Plus Long Cruise, New Y7, Swan 80-301, Aquila 45 Sail, FP48, Leopard 43, Lagoon 47 e Windelo 55 Sport.<\/p><\/span>\t\t\t\t\t\t\t\t\t<\/span>\n\t\t\t\t\t\t\t\t<\/div>\n\t\t\t\t\t\t\t<\/div>\n\t\t\t\t\t\t\t\t\t\t\t\t\t\t<div id=\"uael-accordion-9acb572\" class=\"uael-faq-accordion elementor-grid-item\" role=\"tablist\">\n\t\t\t\t\t\t\t\t<div class= \"uael-accordion-title\" aria-expanded=\"false\" role=\"tab\">\n\t\t\t\t\t\t\t\t\t<span class=\"uael-accordion-icon uael-accordion-icon-\">\n\t\t\t\t\t\t\t\t\t\t<span class=\"uael-accordion-icon-closed\"><\/span>\n\t\t\t\t\t\t\t\t\t\t<span class=\"uael-accordion-icon-opened\"><\/span>\n\t\t\t\t\t\t\t\t\t<\/span>\n\t\t\t\t\t\t\t\t\t<h3 class=\"uael-question-9acb572 uael-question-span\" tabindex=\"0\" id=\"uael-faq-2-6a9d7e5e50b3b\">Quantos veleiros v\u00e3o estar em exposi\u00e7\u00e3o na \u00c1rea de Vela?<\/h3>\n\t\t\t\t\t\t\t\t<\/div>\n\t\t\t\t\t\t\t\t<div class=\"uael-accordion-content\" role=\"tabpanel\">\n\t\t\t\t\t\t\t\t\t<span>\n\t\t\t\t\t\t\t\t\t<span><p>A \u00c1rea de Vela vai receber um total de 120 novos monocascos e multicascos com mais de 10 metros, distribu\u00eddos por mais de 400 metros de cais para monocascos e mais de 450 metros para multicascos.<\/p><\/span>\t\t\t\t\t\t\t\t\t<\/span>\n\t\t\t\t\t\t\t\t<\/div>\n\t\t\t\t\t\t\t<\/div>\n\t\t\t\t\t\t\t\t\t\t\t\t\t\t<div id=\"uael-accordion-9dc3986\" class=\"uael-faq-accordion elementor-grid-item\" role=\"tablist\">\n\t\t\t\t\t\t\t\t<div class= \"uael-accordion-title\" aria-expanded=\"false\" role=\"tab\">\n\t\t\t\t\t\t\t\t\t<span class=\"uael-accordion-icon uael-accordion-icon-\">\n\t\t\t\t\t\t\t\t\t\t<span class=\"uael-accordion-icon-closed\"><\/span>\n\t\t\t\t\t\t\t\t\t\t<span class=\"uael-accordion-icon-opened\"><\/span>\n\t\t\t\t\t\t\t\t\t<\/span>\n\t\t\t\t\t\t\t\t\t<h3 class=\"uael-question-9dc3986 uael-question-span\" tabindex=\"0\" id=\"uael-faq-3-6a9d7e5e50b4a\">Quando vai rolar o Festival de Iates de Cannes de 2026?<\/h3>\n\t\t\t\t\t\t\t\t<\/div>\n\t\t\t\t\t\t\t\t<div class=\"uael-accordion-content\" role=\"tabpanel\">\n\t\t\t\t\t\t\t\t\t<span>\n\t\t\t\t\t\t\t\t\t<span><p>O evento est\u00e1 marcado para acontecer de 8 a 13 de setembro de 2026, entre o Vieux Port e o Port Canto. Na sexta-feira, o evento vai ficar aberto at\u00e9 as 22h para a abertura noturna.<\/p><\/span>\t\t\t\t\t\t\t\t\t<\/span>\n\t\t\t\t\t\t\t\t<\/div>\n\t\t\t\t\t\t\t<\/div>\n\t\t\t\t\t\t\t\t\t\t\t<\/div>\n\t\t\t<\/div>\n\t\t\t\t\t\t\t<\/div>\n\t\t\t\t<\/div>\n\t\t\t\t\t<\/div>\n\t\t<\/div>\n\t\t\t\t\t<\/div>\n\t\t<\/section>\n\t\t\t\t<\/div>\n\t\t","protected":false},"excerpt":{"rendered":"<p>De 8 a 13 de setembro de 2026, o Cannes Yachting Festival volta ao Port Canto para reunir uma das mais importantes frotas de veleiros novos apresentados na \u00e1gua. A \u00c1rea de Vela, em funcionamento desde 2019 e dedicada a veleiros novos com mais de 10 metros, vai receber 120 monocascos e multicascos este ano, [&hellip;]<\/p>\n","protected":false},"author":45,"featured_media":172463,"comment_status":"open","ping_status":"closed","sticky":false,"template":"","format":"standard","meta":{"_mo_disable_npp":"","footnotes":""},"categories":[1713,1672,1671,1653],"tags":[1673],"class_list":["post-172462","post","type-post","status-publish","format-standard","has-post-thumbnail","hentry","category-barcos-a-vela","category-cannes-yachting-festival-pt-br","category-boat-shows-pt-br","category-news-pt-br","tag-cannes-yachting-festival-pt-br"],"yoast_head":"<!-- This site is optimized with the Yoast SEO plugin v28.4 - https:\/\/yoast.com\/product\/yoast-seo-wordpress\/ -->\n<title>\u00c1rea de Vela de Cannes 2026: 11 estreias mundiais - Yachting News<\/title>\n<meta name=\"description\" content=\"A \u00c1rea de Vela apresenta 11 estreias mundiais exclusivas de veleiros no Festival de Iates de Cannes 2026. Conhe\u00e7a os mais novos iates \u00e0 vela e as novidades\" \/>\n<meta name=\"robots\" content=\"index, follow, max-snippet:-1, max-image-preview:large, max-video-preview:-1\" \/>\n<link rel=\"canonical\" href=\"https:\/\/www.yachtingnews.com\/pt-br\/area-de-vela-cannes26\/\" \/>\n<meta property=\"og:locale\" content=\"pt_BR\" \/>\n<meta property=\"og:type\" content=\"article\" \/>\n<meta property=\"og:title\" content=\"\u00c1rea de Vela de Cannes 2026: 11 estreias mundiais - Yachting News\" \/>\n<meta property=\"og:description\" content=\"A \u00c1rea de Vela apresenta 11 estreias mundiais exclusivas de veleiros no Festival de Iates de Cannes 2026. Conhe\u00e7a os mais novos iates \u00e0 vela e as novidades\" \/>\n<meta property=\"og:url\" content=\"https:\/\/www.yachtingnews.com\/pt-br\/area-de-vela-cannes26\/\" \/>\n<meta property=\"og:site_name\" content=\"Yachting News\" \/>\n<meta property=\"article:publisher\" content=\"https:\/\/www.facebook.com\/TheInternationalYachtingMedia\" \/>\n<meta property=\"article:published_time\" content=\"2026-09-06T12:51:05+00:00\" \/>\n<meta property=\"article:modified_time\" content=\"2026-09-06T12:52:09+00:00\" \/>\n<meta property=\"og:image\" content=\"https:\/\/www.yachtingnews.com\/wp-content\/uploads\/2026\/09\/spazio-vela.jpg\" \/>\n\t<meta property=\"og:image:width\" content=\"1400\" \/>\n\t<meta property=\"og:image:height\" content=\"787\" \/>\n\t<meta property=\"og:image:type\" content=\"image\/jpeg\" \/>\n<meta name=\"author\" content=\"Alessandro Giuzio\" \/>\n<meta name=\"twitter:card\" content=\"summary_large_image\" \/>\n<meta name=\"twitter:creator\" content=\"@YachtingMedia\" \/>\n<meta name=\"twitter:site\" content=\"@YachtingMedia\" \/>\n<meta name=\"twitter:label1\" content=\"Escrito por\" \/>\n\t<meta name=\"twitter:data1\" content=\"Alessandro Giuzio\" \/>\n\t<meta name=\"twitter:label2\" content=\"Est. tempo de leitura\" \/>\n\t<meta name=\"twitter:data2\" content=\"10 minutos\" \/>\n<script type=\"application\/ld+json\" class=\"yoast-schema-graph\">{\"@context\":\"https:\\\/\\\/schema.org\",\"@graph\":[{\"@type\":\"Article\",\"@id\":\"https:\\\/\\\/www.yachtingnews.com\\\/pt-br\\\/area-de-vela-cannes26\\\/#article\",\"isPartOf\":{\"@id\":\"https:\\\/\\\/www.yachtingnews.com\\\/pt-br\\\/area-de-vela-cannes26\\\/\"},\"author\":{\"name\":\"Alessandro Giuzio\",\"@id\":\"https:\\\/\\\/www.yachtingnews.com\\\/pt-br\\\/#\\\/schema\\\/person\\\/d2e99eb1c7ce9e28a78d15e3d5d68eb3\"},\"headline\":\"Festival de Iates de Cannes 2026: \u00c1rea de Vela com foco em estreias mundiais\",\"datePublished\":\"2026-09-06T12:51:05+00:00\",\"dateModified\":\"2026-09-06T12:52:09+00:00\",\"mainEntityOfPage\":{\"@id\":\"https:\\\/\\\/www.yachtingnews.com\\\/pt-br\\\/area-de-vela-cannes26\\\/\"},\"wordCount\":2007,\"commentCount\":0,\"publisher\":{\"@id\":\"https:\\\/\\\/www.yachtingnews.com\\\/pt-br\\\/#organization\"},\"image\":{\"@id\":\"https:\\\/\\\/www.yachtingnews.com\\\/pt-br\\\/area-de-vela-cannes26\\\/#primaryimage\"},\"thumbnailUrl\":\"https:\\\/\\\/www.yachtingnews.com\\\/wp-content\\\/uploads\\\/2026\\\/09\\\/spazio-vela.jpg\",\"keywords\":[\"Cannes Yachting Festival\"],\"articleSection\":[\"BARCOS \u00c0 VELA\",\"Cannes Yachting Festival\",\"ESPECT\u00c1CULOS DE BARCOS\",\"Not\u00edcias\"],\"inLanguage\":\"pt-BR\",\"potentialAction\":[{\"@type\":\"CommentAction\",\"name\":\"Comment\",\"target\":[\"https:\\\/\\\/www.yachtingnews.com\\\/pt-br\\\/area-de-vela-cannes26\\\/#respond\"]}]},{\"@type\":\"WebPage\",\"@id\":\"https:\\\/\\\/www.yachtingnews.com\\\/pt-br\\\/area-de-vela-cannes26\\\/\",\"url\":\"https:\\\/\\\/www.yachtingnews.com\\\/pt-br\\\/area-de-vela-cannes26\\\/\",\"name\":\"\u00c1rea de Vela de Cannes 2026: 11 estreias mundiais - Yachting News\",\"isPartOf\":{\"@id\":\"https:\\\/\\\/www.yachtingnews.com\\\/pt-br\\\/#website\"},\"primaryImageOfPage\":{\"@id\":\"https:\\\/\\\/www.yachtingnews.com\\\/pt-br\\\/area-de-vela-cannes26\\\/#primaryimage\"},\"image\":{\"@id\":\"https:\\\/\\\/www.yachtingnews.com\\\/pt-br\\\/area-de-vela-cannes26\\\/#primaryimage\"},\"thumbnailUrl\":\"https:\\\/\\\/www.yachtingnews.com\\\/wp-content\\\/uploads\\\/2026\\\/09\\\/spazio-vela.jpg\",\"datePublished\":\"2026-09-06T12:51:05+00:00\",\"dateModified\":\"2026-09-06T12:52:09+00:00\",\"description\":\"A \u00c1rea de Vela apresenta 11 estreias mundiais exclusivas de veleiros no Festival de Iates de Cannes 2026. Conhe\u00e7a os mais novos iates \u00e0 vela e as novidades\",\"breadcrumb\":{\"@id\":\"https:\\\/\\\/www.yachtingnews.com\\\/pt-br\\\/area-de-vela-cannes26\\\/#breadcrumb\"},\"inLanguage\":\"pt-BR\",\"potentialAction\":[{\"@type\":\"ReadAction\",\"target\":[\"https:\\\/\\\/www.yachtingnews.com\\\/pt-br\\\/area-de-vela-cannes26\\\/\"]}]},{\"@type\":\"ImageObject\",\"inLanguage\":\"pt-BR\",\"@id\":\"https:\\\/\\\/www.yachtingnews.com\\\/pt-br\\\/area-de-vela-cannes26\\\/#primaryimage\",\"url\":\"https:\\\/\\\/www.yachtingnews.com\\\/wp-content\\\/uploads\\\/2026\\\/09\\\/spazio-vela.jpg\",\"contentUrl\":\"https:\\\/\\\/www.yachtingnews.com\\\/wp-content\\\/uploads\\\/2026\\\/09\\\/spazio-vela.jpg\",\"width\":1400,\"height\":787},{\"@type\":\"BreadcrumbList\",\"@id\":\"https:\\\/\\\/www.yachtingnews.com\\\/pt-br\\\/area-de-vela-cannes26\\\/#breadcrumb\",\"itemListElement\":[{\"@type\":\"ListItem\",\"position\":1,\"name\":\"Home\",\"item\":\"https:\\\/\\\/www.yachtingnews.com\\\/pt-br\\\/yachting-news-2\\\/\"},{\"@type\":\"ListItem\",\"position\":2,\"name\":\"Festival de Iates de Cannes 2026: \u00c1rea de Vela com foco em estreias mundiais\"}]},{\"@type\":\"WebSite\",\"@id\":\"https:\\\/\\\/www.yachtingnews.com\\\/pt-br\\\/#website\",\"url\":\"https:\\\/\\\/www.yachtingnews.com\\\/pt-br\\\/\",\"name\":\"Yachting News\",\"description\":\"The International Yachting Media\",\"publisher\":{\"@id\":\"https:\\\/\\\/www.yachtingnews.com\\\/pt-br\\\/#organization\"},\"potentialAction\":[{\"@type\":\"SearchAction\",\"target\":{\"@type\":\"EntryPoint\",\"urlTemplate\":\"https:\\\/\\\/www.yachtingnews.com\\\/pt-br\\\/?s={search_term_string}\"},\"query-input\":{\"@type\":\"PropertyValueSpecification\",\"valueRequired\":true,\"valueName\":\"search_term_string\"}}],\"inLanguage\":\"pt-BR\"},{\"@type\":\"Organization\",\"@id\":\"https:\\\/\\\/www.yachtingnews.com\\\/pt-br\\\/#organization\",\"name\":\"Yachting News\",\"url\":\"https:\\\/\\\/www.yachtingnews.com\\\/pt-br\\\/\",\"logo\":{\"@type\":\"ImageObject\",\"inLanguage\":\"pt-BR\",\"@id\":\"https:\\\/\\\/www.yachtingnews.com\\\/pt-br\\\/#\\\/schema\\\/logo\\\/image\\\/\",\"url\":\"https:\\\/\\\/www.yachtingnews.com\\\/wp-content\\\/uploads\\\/2023\\\/02\\\/LOGO-Yachting-NEWS-blu-800.png\",\"contentUrl\":\"https:\\\/\\\/www.yachtingnews.com\\\/wp-content\\\/uploads\\\/2023\\\/02\\\/LOGO-Yachting-NEWS-blu-800.png\",\"width\":790,\"height\":99,\"caption\":\"Yachting News\"},\"image\":{\"@id\":\"https:\\\/\\\/www.yachtingnews.com\\\/pt-br\\\/#\\\/schema\\\/logo\\\/image\\\/\"},\"sameAs\":[\"https:\\\/\\\/www.facebook.com\\\/TheInternationalYachtingMedia\",\"https:\\\/\\\/x.com\\\/YachtingMedia\",\"https:\\\/\\\/www.instagram.com\\\/yachting.news\\\/\",\"https:\\\/\\\/www.linkedin.com\\\/company\\\/the-international-yachting-media\",\"https:\\\/\\\/www.youtube.com\\\/c\\\/TheInternationalYachtingMedia\"]},{\"@type\":\"Person\",\"@id\":\"https:\\\/\\\/www.yachtingnews.com\\\/pt-br\\\/#\\\/schema\\\/person\\\/d2e99eb1c7ce9e28a78d15e3d5d68eb3\",\"name\":\"Alessandro Giuzio\",\"image\":{\"@type\":\"ImageObject\",\"inLanguage\":\"pt-BR\",\"@id\":\"https:\\\/\\\/www.yachtingnews.com\\\/wp-content\\\/litespeed\\\/avatar\\\/a99e5f8da4fc551fb53eb9f1fec61fb4.jpg?ver=1788189881\",\"url\":\"https:\\\/\\\/www.yachtingnews.com\\\/wp-content\\\/litespeed\\\/avatar\\\/a99e5f8da4fc551fb53eb9f1fec61fb4.jpg?ver=1788189881\",\"contentUrl\":\"https:\\\/\\\/www.yachtingnews.com\\\/wp-content\\\/litespeed\\\/avatar\\\/a99e5f8da4fc551fb53eb9f1fec61fb4.jpg?ver=1788189881\",\"caption\":\"Alessandro Giuzio\"},\"description\":\"Alessandro is a professional journalist and contributes to The International Yachting Media since 2022. He is an expert on the sea and of course on boats.\",\"url\":\"https:\\\/\\\/www.yachtingnews.com\\\/pt-br\\\/author\\\/alexgiuzio\\\/\"}]}<\/script>\n<!-- \/ Yoast SEO plugin. -->","yoast_head_json":{"title":"\u00c1rea de Vela de Cannes 2026: 11 estreias mundiais - Yachting News","description":"A \u00c1rea de Vela apresenta 11 estreias mundiais exclusivas de veleiros no Festival de Iates de Cannes 2026. Conhe\u00e7a os mais novos iates \u00e0 vela e as novidades","robots":{"index":"index","follow":"follow","max-snippet":"max-snippet:-1","max-image-preview":"max-image-preview:large","max-video-preview":"max-video-preview:-1"},"canonical":"https:\/\/www.yachtingnews.com\/pt-br\/area-de-vela-cannes26\/","og_locale":"pt_BR","og_type":"article","og_title":"\u00c1rea de Vela de Cannes 2026: 11 estreias mundiais - Yachting News","og_description":"A \u00c1rea de Vela apresenta 11 estreias mundiais exclusivas de veleiros no Festival de Iates de Cannes 2026. Conhe\u00e7a os mais novos iates \u00e0 vela e as novidades","og_url":"https:\/\/www.yachtingnews.com\/pt-br\/area-de-vela-cannes26\/","og_site_name":"Yachting News","article_publisher":"https:\/\/www.facebook.com\/TheInternationalYachtingMedia","article_published_time":"2026-09-06T12:51:05+00:00","article_modified_time":"2026-09-06T12:52:09+00:00","og_image":[{"width":1400,"height":787,"url":"https:\/\/www.yachtingnews.com\/wp-content\/uploads\/2026\/09\/spazio-vela.jpg","type":"image\/jpeg"}],"author":"Alessandro Giuzio","twitter_card":"summary_large_image","twitter_creator":"@YachtingMedia","twitter_site":"@YachtingMedia","twitter_misc":{"Escrito por":"Alessandro Giuzio","Est. tempo de leitura":"10 minutos"},"schema":{"@context":"https:\/\/schema.org","@graph":[{"@type":"Article","@id":"https:\/\/www.yachtingnews.com\/pt-br\/area-de-vela-cannes26\/#article","isPartOf":{"@id":"https:\/\/www.yachtingnews.com\/pt-br\/area-de-vela-cannes26\/"},"author":{"name":"Alessandro Giuzio","@id":"https:\/\/www.yachtingnews.com\/pt-br\/#\/schema\/person\/d2e99eb1c7ce9e28a78d15e3d5d68eb3"},"headline":"Festival de Iates de Cannes 2026: \u00c1rea de Vela com foco em estreias mundiais","datePublished":"2026-09-06T12:51:05+00:00","dateModified":"2026-09-06T12:52:09+00:00","mainEntityOfPage":{"@id":"https:\/\/www.yachtingnews.com\/pt-br\/area-de-vela-cannes26\/"},"wordCount":2007,"commentCount":0,"publisher":{"@id":"https:\/\/www.yachtingnews.com\/pt-br\/#organization"},"image":{"@id":"https:\/\/www.yachtingnews.com\/pt-br\/area-de-vela-cannes26\/#primaryimage"},"thumbnailUrl":"https:\/\/www.yachtingnews.com\/wp-content\/uploads\/2026\/09\/spazio-vela.jpg","keywords":["Cannes Yachting Festival"],"articleSection":["BARCOS \u00c0 VELA","Cannes Yachting Festival","ESPECT\u00c1CULOS DE BARCOS","Not\u00edcias"],"inLanguage":"pt-BR","potentialAction":[{"@type":"CommentAction","name":"Comment","target":["https:\/\/www.yachtingnews.com\/pt-br\/area-de-vela-cannes26\/#respond"]}]},{"@type":"WebPage","@id":"https:\/\/www.yachtingnews.com\/pt-br\/area-de-vela-cannes26\/","url":"https:\/\/www.yachtingnews.com\/pt-br\/area-de-vela-cannes26\/","name":"\u00c1rea de Vela de Cannes 2026: 11 estreias mundiais - Yachting News","isPartOf":{"@id":"https:\/\/www.yachtingnews.com\/pt-br\/#website"},"primaryImageOfPage":{"@id":"https:\/\/www.yachtingnews.com\/pt-br\/area-de-vela-cannes26\/#primaryimage"},"image":{"@id":"https:\/\/www.yachtingnews.com\/pt-br\/area-de-vela-cannes26\/#primaryimage"},"thumbnailUrl":"https:\/\/www.yachtingnews.com\/wp-content\/uploads\/2026\/09\/spazio-vela.jpg","datePublished":"2026-09-06T12:51:05+00:00","dateModified":"2026-09-06T12:52:09+00:00","description":"A \u00c1rea de Vela apresenta 11 estreias mundiais exclusivas de veleiros no Festival de Iates de Cannes 2026. Conhe\u00e7a os mais novos iates \u00e0 vela e as novidades","breadcrumb":{"@id":"https:\/\/www.yachtingnews.com\/pt-br\/area-de-vela-cannes26\/#breadcrumb"},"inLanguage":"pt-BR","potentialAction":[{"@type":"ReadAction","target":["https:\/\/www.yachtingnews.com\/pt-br\/area-de-vela-cannes26\/"]}]},{"@type":"ImageObject","inLanguage":"pt-BR","@id":"https:\/\/www.yachtingnews.com\/pt-br\/area-de-vela-cannes26\/#primaryimage","url":"https:\/\/www.yachtingnews.com\/wp-content\/uploads\/2026\/09\/spazio-vela.jpg","contentUrl":"https:\/\/www.yachtingnews.com\/wp-content\/uploads\/2026\/09\/spazio-vela.jpg","width":1400,"height":787},{"@type":"BreadcrumbList","@id":"https:\/\/www.yachtingnews.com\/pt-br\/area-de-vela-cannes26\/#breadcrumb","itemListElement":[{"@type":"ListItem","position":1,"name":"Home","item":"https:\/\/www.yachtingnews.com\/pt-br\/yachting-news-2\/"},{"@type":"ListItem","position":2,"name":"Festival de Iates de Cannes 2026: \u00c1rea de Vela com foco em estreias mundiais"}]},{"@type":"WebSite","@id":"https:\/\/www.yachtingnews.com\/pt-br\/#website","url":"https:\/\/www.yachtingnews.com\/pt-br\/","name":"Yachting News","description":"The International Yachting Media","publisher":{"@id":"https:\/\/www.yachtingnews.com\/pt-br\/#organization"},"potentialAction":[{"@type":"SearchAction","target":{"@type":"EntryPoint","urlTemplate":"https:\/\/www.yachtingnews.com\/pt-br\/?s={search_term_string}"},"query-input":{"@type":"PropertyValueSpecification","valueRequired":true,"valueName":"search_term_string"}}],"inLanguage":"pt-BR"},{"@type":"Organization","@id":"https:\/\/www.yachtingnews.com\/pt-br\/#organization","name":"Yachting News","url":"https:\/\/www.yachtingnews.com\/pt-br\/","logo":{"@type":"ImageObject","inLanguage":"pt-BR","@id":"https:\/\/www.yachtingnews.com\/pt-br\/#\/schema\/logo\/image\/","url":"https:\/\/www.yachtingnews.com\/wp-content\/uploads\/2023\/02\/LOGO-Yachting-NEWS-blu-800.png","contentUrl":"https:\/\/www.yachtingnews.com\/wp-content\/uploads\/2023\/02\/LOGO-Yachting-NEWS-blu-800.png","width":790,"height":99,"caption":"Yachting News"},"image":{"@id":"https:\/\/www.yachtingnews.com\/pt-br\/#\/schema\/logo\/image\/"},"sameAs":["https:\/\/www.facebook.com\/TheInternationalYachtingMedia","https:\/\/x.com\/YachtingMedia","https:\/\/www.instagram.com\/yachting.news\/","https:\/\/www.linkedin.com\/company\/the-international-yachting-media","https:\/\/www.youtube.com\/c\/TheInternationalYachtingMedia"]},{"@type":"Person","@id":"https:\/\/www.yachtingnews.com\/pt-br\/#\/schema\/person\/d2e99eb1c7ce9e28a78d15e3d5d68eb3","name":"Alessandro Giuzio","image":{"@type":"ImageObject","inLanguage":"pt-BR","@id":"https:\/\/www.yachtingnews.com\/wp-content\/litespeed\/avatar\/a99e5f8da4fc551fb53eb9f1fec61fb4.jpg?ver=1788189881","url":"https:\/\/www.yachtingnews.com\/wp-content\/litespeed\/avatar\/a99e5f8da4fc551fb53eb9f1fec61fb4.jpg?ver=1788189881","contentUrl":"https:\/\/www.yachtingnews.com\/wp-content\/litespeed\/avatar\/a99e5f8da4fc551fb53eb9f1fec61fb4.jpg?ver=1788189881","caption":"Alessandro Giuzio"},"description":"Alessandro is a professional journalist and contributes to The International Yachting Media since 2022. He is an expert on the sea and of course on boats.","url":"https:\/\/www.yachtingnews.com\/pt-br\/author\/alexgiuzio\/"}]}},"_links":{"self":[{"href":"https:\/\/www.yachtingnews.com\/pt-br\/wp-json\/wp\/v2\/posts\/172462","targetHints":{"allow":["GET"]}}],"collection":[{"href":"https:\/\/www.yachtingnews.com\/pt-br\/wp-json\/wp\/v2\/posts"}],"about":[{"href":"https:\/\/www.yachtingnews.com\/pt-br\/wp-json\/wp\/v2\/types\/post"}],"author":[{"embeddable":true,"href":"https:\/\/www.yachtingnews.com\/pt-br\/wp-json\/wp\/v2\/users\/45"}],"replies":[{"embeddable":true,"href":"https:\/\/www.yachtingnews.com\/pt-br\/wp-json\/wp\/v2\/comments?post=172462"}],"version-history":[{"count":2,"href":"https:\/\/www.yachtingnews.com\/pt-br\/wp-json\/wp\/v2\/posts\/172462\/revisions"}],"predecessor-version":[{"id":172471,"href":"https:\/\/www.yachtingnews.com\/pt-br\/wp-json\/wp\/v2\/posts\/172462\/revisions\/172471"}],"wp:featuredmedia":[{"embeddable":true,"href":"https:\/\/www.yachtingnews.com\/pt-br\/wp-json\/wp\/v2\/media\/172463"}],"wp:attachment":[{"href":"https:\/\/www.yachtingnews.com\/pt-br\/wp-json\/wp\/v2\/media?parent=172462"}],"wp:term":[{"taxonomy":"category","embeddable":true,"href":"https:\/\/www.yachtingnews.com\/pt-br\/wp-json\/wp\/v2\/categories?post=172462"},{"taxonomy":"post_tag","embeddable":true,"href":"https:\/\/www.yachtingnews.com\/pt-br\/wp-json\/wp\/v2\/tags?post=172462"}],"curies":[{"name":"wp","href":"https:\/\/api.w.org\/{rel}","templated":true}]}}