{"id":67721,"date":"2023-06-19T02:35:00","date_gmt":"2023-06-19T02:35:00","guid":{"rendered":"https:\/\/yachtingnews.com\/the-international-yachting-media-e-parceira-do-cannes-yachting-festival\/"},"modified":"2023-07-16T07:49:36","modified_gmt":"2023-07-16T07:49:36","slug":"the-international-yachting-media-e-parceira-do-cannes-yachting-festival","status":"publish","type":"post","link":"https:\/\/www.yachtingnews.com\/pt-br\/the-international-yachting-media-e-parceira-do-cannes-yachting-festival\/","title":{"rendered":"The International Yachting Media \u00e9 parceira do Cannes Yachting Festival"},"content":{"rendered":"\t\t<div data-elementor-type=\"wp-post\" data-elementor-id=\"67721\" class=\"elementor elementor-67721 elementor-64645\" data-elementor-post-type=\"post\">\n\t\t\t\t\t\t<section class=\"elementor-section elementor-top-section elementor-element elementor-element-6bdf39b9 elementor-section-boxed elementor-section-height-default elementor-section-height-default\" data-id=\"6bdf39b9\" data-element_type=\"section\" data-e-type=\"section\">\n\t\t\t\t\t\t<div class=\"elementor-container elementor-column-gap-default\">\n\t\t\t\t\t<div class=\"elementor-column elementor-col-100 elementor-top-column elementor-element elementor-element-3a2f195f\" data-id=\"3a2f195f\" data-element_type=\"column\" data-e-type=\"column\">\n\t\t\t<div class=\"elementor-widget-wrap elementor-element-populated\">\n\t\t\t\t\t\t<div class=\"elementor-element elementor-element-17beb110 elementor-widget elementor-widget-text-editor\" data-id=\"17beb110\" data-element_type=\"widget\" data-e-type=\"widget\" data-widget_type=\"text-editor.default\">\n\t\t\t\t<div class=\"elementor-widget-container\">\n\t\t\t\t\t\t\t\t\t<div class=\"elementor-element elementor-element-90c0768 elementor-widget elementor-widget-text-editor\" data-id=\"90c0768\" data-element_type=\"widget\" data-widget_type=\"text-editor.default\">\n<p><strong>The International Yachting Media e o Cannes Yachting Festival: juntos novamente para consolidar uma parceria de sucesso&nbsp;<\/strong><\/p>\n<p>Uma parceria <img decoding=\"async\" class=\"alignright wp-image-64698\" title=\"CANNES-YACHTING-FESTIVAL-2023\" src=\"https:\/\/yachtingnews.com\/wp-content\/uploads\/2023\/06\/CANNES-YACHTING-FESTIVAL-2023-1-212x300.webp\" alt=\"CANNES-YACHTING-FESTIVAL-2023\" width=\"400\" height=\"566\" srcset=\"https:\/\/www.yachtingnews.com\/wp-content\/uploads\/2023\/06\/CANNES-YACHTING-FESTIVAL-2023-1-212x300.webp 212w, https:\/\/www.yachtingnews.com\/wp-content\/uploads\/2023\/06\/CANNES-YACHTING-FESTIVAL-2023-1.webp 707w\" sizes=\"(max-width: 400px) 100vw, 400px\" \/>que se repete ano ap\u00f3s ano e que, mais uma vez, \u00e9 selada com um acordo mundial. De facto, mais uma vez, o <a href=\"https:\/\/www.cannesyachtingfestival.com\/en-gb.html\" target=\"_blank\" rel=\"noopener\">Cannes Yachting Festival<\/a> escolhe a The International Yachting Media para dar a m\u00e1xima cobertura internacional \u00e0s novidades e aos eventos que tornam este sal\u00e3o n\u00e1utico \u00fanico e inimit\u00e1vel.<\/p>\n<p>Como todos os anos, os jornalistas e fot\u00f3grafos da The International Yachting Media, com a sua habitual paix\u00e3o e trabalho \u00e1rduo, ir\u00e3o relatar os longos dias do sal\u00e3o atrav\u00e9s das p\u00e1ginas das 6 revistas do grupo, que, em tempo real, ser\u00e3o difundidas por todo o mundo gra\u00e7as \u00e0s 15 edi\u00e7\u00f5es internacionais publicadas em ingl\u00eas, franc\u00eas, italiano, espanhol, russo, \u00e1rabe e alem\u00e3o.<\/p>\n<p>Provas de mar, artigos e not\u00edcias sobre as numerosas estreias presentes ser\u00e3o, por conseguinte, publicados antes, durante e depois do Cannes Yachting Festival, para dar voz \u00e0quele que \u00e9 efetivamente o evento mais importante da Europa e que, de 12 a 17 de setembro, ser\u00e1 o primeiro a dar in\u00edcio \u00e0 &#8220;\u00e9poca n\u00e1utica&#8221; 2023\/2024.<\/p>\n<p>O evento ser\u00e1 mais uma vez o centro de inova\u00e7\u00e3o do sector. Com mais de 650 barcos na \u00e1gua e muitos mais em terra, ser\u00e1 uma montra \u00fanica para as \u00faltimas tend\u00eancias e estreias no mundo da n\u00e1utica. Os expositores incluem os principais nomes da ind\u00fastria n\u00e1utica, prontos a apresentar as suas \u00faltimas inova\u00e7\u00f5es, tirando partido desta montra \u00fanica.<\/p>\n<p><em>&#8220;<\/em><em> A parceria entre o sal\u00e3o n\u00e1utico mais internacional e importante da Europa e a editora n\u00e1utica digital l\u00edder mundial \u00e9, antes de mais, um acordo estrat\u00e9gico<\/em>&#8211; afirma  <strong>Luca D&#8217;Ambrosio<\/strong>, Diretor-Geral do grupo editorial &#8211;  <em>Quase todas as novidades do ano, certamente as mais importantes, s\u00e3o apresentadas no Cannes Yachting Festival, e o acordo com a The International Yachting Media permitir\u00e1 que os propriet\u00e1rios de todo o mundo sejam informados sobre elas atrav\u00e9s das nossas 15 edi\u00e7\u00f5es internacionais&#8221;.<\/em><\/p>\n<p>The International Yachting Media, por seu lado, est\u00e1 a sair de um per\u00edodo de tr\u00eas anos de sucesso em que, imediatamente ap\u00f3s as aquisi\u00e7\u00f5es da YachtingNews e da YachtDigest, implementou uma s\u00e9rie de novos investimentos em inova\u00e7\u00e3o, investiga\u00e7\u00e3o e desenvolvimento que a levaram a lan\u00e7ar praticamente um novo produto de tr\u00eas em tr\u00eas meses. S\u00f3 nos \u00faltimos 12 meses, por ordem cronol\u00f3gica, podemos referir:  <\/p>\n<p><a href=\"https:\/\/www.spatial.io\/s\/The-International-Yachting-Media-62c6d1bf2897ef00011f00a6?share=4093733968044000956&amp;utm_source=%2Fspaces\" target=\"_blank\" rel=\"noopener\">Yachting Metaverse<\/a>: o \u00fanico metaverso em funcionamento no sector do iatismo, uma experi\u00eancia de imers\u00e3o sem paralelo;<br>O restyling e a atualiza\u00e7\u00e3o da <a href=\"https:\/\/apps.apple.com\/it\/app\/tuttobarche\/id1473448091\" target=\"_blank\" rel=\"noopener\">aplica\u00e7\u00e3o Boating News<\/a>&nbsp;que, dispon\u00edvel gratuitamente na Apple Store e na Google Play Store, cont\u00e9m agora as 15 edi\u00e7\u00f5es internacionais do grupo e, naturalmente, o famoso livro de pilotos em linha, o mais lido na Europa;<br>O lan\u00e7amento da edi\u00e7\u00e3o francesa de  &nbsp;<a href=\"https:\/\/www.yachtdigest.com\/\" target=\"_blank\" rel=\"noopener\">Yacht Digest<\/a>, a revista digital inovadora e naveg\u00e1vel, a \u00fanica sem an\u00fancios no mundo;<br>O lan\u00e7amento da edi\u00e7\u00e3o alem\u00e3 de  &nbsp;<a href=\"https:\/\/yachtingnews.com\/pt-br\/\" target=\"_blank\" rel=\"noopener\">Not\u00edcias de Iates<\/a>;<br>O lan\u00e7amento da edi\u00e7\u00e3o \u00e1rabe da SuperYachts;<\/p>\n<p>A migra\u00e7\u00e3o e o restyling recentemente conclu\u00eddos de <a href=\"https:\/\/www.tuttobarche.it\/magazine\/\" target=\"_blank\" rel=\"noopener\">TuttoBarche<\/a>, <a href=\"https:\/\/www.touslesbateaux.fr\/\" target=\"_blank\" rel=\"noopener\">TousLesBateaux<\/a> e <a href=\"https:\/\/www.todoslosbarcos.es\/revista\/\" target=\"_blank\" rel=\"noopener\">TodosLosBarcos<\/a>.<\/p>\n<p><img decoding=\"async\" class=\"aligncenter wp-image-64700 size-full\" title=\"app-o-internacional-iate-media-CANNES\" src=\"https:\/\/yachtingnews.com\/wp-content\/uploads\/2023\/06\/app-the-international-yachting-media-CANNES.webp\" alt=\"app-o-internacional-iate-media-CANNES\" width=\"1536\" height=\"769\" srcset=\"https:\/\/www.yachtingnews.com\/wp-content\/uploads\/2023\/06\/app-the-international-yachting-media-CANNES.webp 1536w, https:\/\/www.yachtingnews.com\/wp-content\/uploads\/2023\/06\/app-the-international-yachting-media-CANNES-300x150.webp 300w, https:\/\/www.yachtingnews.com\/wp-content\/uploads\/2023\/06\/app-the-international-yachting-media-CANNES-768x385.webp 768w\" sizes=\"(max-width: 1536px) 100vw, 1536px\" \/><\/p>\n<p>A parceria entre o International Yachting Media e o Cannes Yachting Festival surge assim no culminar de um ano bem sucedido e inovador. Uma longa s\u00e9rie de novos canais de informa\u00e7\u00e3o contribuir\u00e1 para valorizar as maravilhas deste magn\u00edfico espet\u00e1culo e as inova\u00e7\u00f5es que ser\u00e3o apresentadas nesta edi\u00e7\u00e3o de 2023.<\/p>\n<p><em>&#8220;<\/em> <em> O Cannes Yachting Festival \u00e9 um palco de prest\u00edgio, onde a eleg\u00e2ncia \u00e9 o fio condutor &#8211;<\/em> sublinha  <strong>Giorgio Bruno<\/strong>, Gestor de conta do grupo editorial &#8211;  <em>Este \u00e9 o local ideal para todos os actores do sector, que se re\u00fanem aqui todos os anos para apresentar os seus novos modelos num ambiente verdadeiramente \u00fanico e exclusivo&#8221;.<\/em><\/p>\n<p>Resta agora aguardar ansiosamente o in\u00edcio desta colabora\u00e7\u00e3o renovada, que promete oferecer uma experi\u00eancia extraordin\u00e1ria a todos os entusiastas do iatismo, aos visitantes do Cannes Yachting Festival e a todos aqueles que, n\u00e3o podendo estar presentes, escolher\u00e3o  <strong>Os meios de comunica\u00e7\u00e3o internacionais de iates<\/strong>  para mergulharem totalmente na magia deste evento.<\/p>\n<p><\/p>\n<\/div>\t\t\t\t\t\t\t\t<\/div>\n\t\t\t\t<\/div>\n\t\t\t\t\t<\/div>\n\t\t<\/div>\n\t\t\t\t\t<\/div>\n\t\t<\/section>\n\t\t\t\t<\/div>\n\t\t","protected":false},"excerpt":{"rendered":"<p>The International Yachting Media e o Cannes Yachting Festival: juntos novamente para consolidar uma parceria de sucesso&nbsp; Uma parceria que se repete ano ap\u00f3s ano e que, mais uma vez, \u00e9 selada com um acordo mundial. De facto, mais uma vez, o Cannes Yachting Festival escolhe a The International Yachting Media para dar a m\u00e1xima [&hellip;]<\/p>\n","protected":false},"author":56,"featured_media":67766,"comment_status":"open","ping_status":"open","sticky":false,"template":"","format":"standard","meta":{"_mo_disable_npp":"","footnotes":""},"categories":[1672,1671,1653],"tags":[1673,1677,1678,1676,1675,1674],"class_list":["post-67721","post","type-post","status-publish","format-standard","has-post-thumbnail","hentry","category-cannes-yachting-festival-pt-br","category-boat-shows-pt-br","category-news-pt-br","tag-cannes-yachting-festival-pt-br","tag-cannes-yachting-festival-2023-pt-br","tag-parceiro-de-media-cannes-yachting-festival","tag-salao-nautico-de-cannes","tag-superiates","tag-the-international-yachting-media-pt-br"],"yoast_head":"<!-- This site is optimized with the Yoast SEO plugin v28.3 - https:\/\/yoast.com\/product\/yoast-seo-wordpress\/ -->\n<title>The International Yachting Media \u00e9 parceiro do Cannes Yachting Festival<\/title>\n<meta name=\"description\" content=\"A International Yachting Media e o Cannes Yachting Festival juntam-se novamente para consolidar uma parceria de grande sucesso...\" \/>\n<meta name=\"robots\" content=\"index, follow, max-snippet:-1, max-image-preview:large, max-video-preview:-1\" \/>\n<link rel=\"canonical\" href=\"https:\/\/www.yachtingnews.com\/pt-br\/the-international-yachting-media-e-parceira-do-cannes-yachting-festival\/\" \/>\n<meta property=\"og:locale\" content=\"pt_BR\" \/>\n<meta property=\"og:type\" content=\"article\" \/>\n<meta property=\"og:title\" content=\"The International Yachting Media \u00e9 parceiro do Cannes Yachting Festival\" \/>\n<meta property=\"og:description\" content=\"A International Yachting Media e o Cannes Yachting Festival juntam-se novamente para consolidar uma parceria de grande sucesso...\" \/>\n<meta property=\"og:url\" content=\"https:\/\/www.yachtingnews.com\/pt-br\/the-international-yachting-media-e-parceira-do-cannes-yachting-festival\/\" \/>\n<meta property=\"og:site_name\" content=\"Yachting News\" \/>\n<meta property=\"article:publisher\" content=\"https:\/\/www.facebook.com\/TheInternationalYachtingMedia\" \/>\n<meta property=\"article:published_time\" content=\"2023-06-19T02:35:00+00:00\" \/>\n<meta property=\"article:modified_time\" content=\"2023-07-16T07:49:36+00:00\" \/>\n<meta property=\"og:image\" content=\"https:\/\/www.yachtingnews.com\/wp-content\/uploads\/2023\/06\/The-International-Yachting-Media-Cannes.jpg\" \/>\n\t<meta property=\"og:image:width\" content=\"1600\" \/>\n\t<meta property=\"og:image:height\" content=\"900\" \/>\n\t<meta property=\"og:image:type\" content=\"image\/jpeg\" \/>\n<meta name=\"author\" content=\"Alessio Molla\" \/>\n<meta name=\"twitter:card\" content=\"summary_large_image\" \/>\n<meta name=\"twitter:creator\" content=\"@YachtingMedia\" \/>\n<meta name=\"twitter:site\" content=\"@YachtingMedia\" \/>\n<meta name=\"twitter:label1\" content=\"Escrito por\" \/>\n\t<meta name=\"twitter:data1\" content=\"Alessio Molla\" \/>\n\t<meta name=\"twitter:label2\" content=\"Est. tempo de leitura\" \/>\n\t<meta name=\"twitter:data2\" content=\"4 minutos\" \/>\n<script type=\"application\/ld+json\" class=\"yoast-schema-graph\">{\"@context\":\"https:\\\/\\\/schema.org\",\"@graph\":[{\"@type\":\"Article\",\"@id\":\"https:\\\/\\\/www.yachtingnews.com\\\/pt-br\\\/the-international-yachting-media-e-parceira-do-cannes-yachting-festival\\\/#article\",\"isPartOf\":{\"@id\":\"https:\\\/\\\/www.yachtingnews.com\\\/pt-br\\\/the-international-yachting-media-e-parceira-do-cannes-yachting-festival\\\/\"},\"author\":{\"name\":\"Alessio Molla\",\"@id\":\"https:\\\/\\\/www.yachtingnews.com\\\/pt-br\\\/#\\\/schema\\\/person\\\/26cc8c9362c1c1f488e167e1517dbbf8\"},\"headline\":\"The International Yachting Media \u00e9 parceira do Cannes Yachting Festival\",\"datePublished\":\"2023-06-19T02:35:00+00:00\",\"dateModified\":\"2023-07-16T07:49:36+00:00\",\"mainEntityOfPage\":{\"@id\":\"https:\\\/\\\/www.yachtingnews.com\\\/pt-br\\\/the-international-yachting-media-e-parceira-do-cannes-yachting-festival\\\/\"},\"wordCount\":728,\"commentCount\":0,\"publisher\":{\"@id\":\"https:\\\/\\\/www.yachtingnews.com\\\/pt-br\\\/#organization\"},\"image\":{\"@id\":\"https:\\\/\\\/www.yachtingnews.com\\\/pt-br\\\/the-international-yachting-media-e-parceira-do-cannes-yachting-festival\\\/#primaryimage\"},\"thumbnailUrl\":\"https:\\\/\\\/www.yachtingnews.com\\\/wp-content\\\/uploads\\\/2023\\\/06\\\/The-International-Yachting-Media-Cannes.jpg\",\"keywords\":[\"Cannes Yachting Festival\",\"Cannes Yachting Festival 2023\",\"parceiro de media Cannes Yachting Festival\",\"Sal\u00e3o n\u00e1utico de Cannes\",\"superiates\",\"The International Yachting Media\"],\"articleSection\":[\"Cannes Yachting Festival\",\"ESPECT\u00c1CULOS DE BARCOS\",\"Not\u00edcias\"],\"inLanguage\":\"pt-BR\",\"potentialAction\":[{\"@type\":\"CommentAction\",\"name\":\"Comment\",\"target\":[\"https:\\\/\\\/www.yachtingnews.com\\\/pt-br\\\/the-international-yachting-media-e-parceira-do-cannes-yachting-festival\\\/#respond\"]}]},{\"@type\":\"WebPage\",\"@id\":\"https:\\\/\\\/www.yachtingnews.com\\\/pt-br\\\/the-international-yachting-media-e-parceira-do-cannes-yachting-festival\\\/\",\"url\":\"https:\\\/\\\/www.yachtingnews.com\\\/pt-br\\\/the-international-yachting-media-e-parceira-do-cannes-yachting-festival\\\/\",\"name\":\"The International Yachting Media \u00e9 parceiro do Cannes Yachting Festival\",\"isPartOf\":{\"@id\":\"https:\\\/\\\/www.yachtingnews.com\\\/pt-br\\\/#website\"},\"primaryImageOfPage\":{\"@id\":\"https:\\\/\\\/www.yachtingnews.com\\\/pt-br\\\/the-international-yachting-media-e-parceira-do-cannes-yachting-festival\\\/#primaryimage\"},\"image\":{\"@id\":\"https:\\\/\\\/www.yachtingnews.com\\\/pt-br\\\/the-international-yachting-media-e-parceira-do-cannes-yachting-festival\\\/#primaryimage\"},\"thumbnailUrl\":\"https:\\\/\\\/www.yachtingnews.com\\\/wp-content\\\/uploads\\\/2023\\\/06\\\/The-International-Yachting-Media-Cannes.jpg\",\"datePublished\":\"2023-06-19T02:35:00+00:00\",\"dateModified\":\"2023-07-16T07:49:36+00:00\",\"description\":\"A International Yachting Media e o Cannes Yachting Festival juntam-se novamente para consolidar uma parceria de grande sucesso...\",\"breadcrumb\":{\"@id\":\"https:\\\/\\\/www.yachtingnews.com\\\/pt-br\\\/the-international-yachting-media-e-parceira-do-cannes-yachting-festival\\\/#breadcrumb\"},\"inLanguage\":\"pt-BR\",\"potentialAction\":[{\"@type\":\"ReadAction\",\"target\":[\"https:\\\/\\\/www.yachtingnews.com\\\/pt-br\\\/the-international-yachting-media-e-parceira-do-cannes-yachting-festival\\\/\"]}]},{\"@type\":\"ImageObject\",\"inLanguage\":\"pt-BR\",\"@id\":\"https:\\\/\\\/www.yachtingnews.com\\\/pt-br\\\/the-international-yachting-media-e-parceira-do-cannes-yachting-festival\\\/#primaryimage\",\"url\":\"https:\\\/\\\/www.yachtingnews.com\\\/wp-content\\\/uploads\\\/2023\\\/06\\\/The-International-Yachting-Media-Cannes.jpg\",\"contentUrl\":\"https:\\\/\\\/www.yachtingnews.com\\\/wp-content\\\/uploads\\\/2023\\\/06\\\/The-International-Yachting-Media-Cannes.jpg\",\"width\":1600,\"height\":900,\"caption\":\"The International Yachting Media Cannes\"},{\"@type\":\"BreadcrumbList\",\"@id\":\"https:\\\/\\\/www.yachtingnews.com\\\/pt-br\\\/the-international-yachting-media-e-parceira-do-cannes-yachting-festival\\\/#breadcrumb\",\"itemListElement\":[{\"@type\":\"ListItem\",\"position\":1,\"name\":\"Home\",\"item\":\"https:\\\/\\\/www.yachtingnews.com\\\/pt-br\\\/yachting-news-2\\\/\"},{\"@type\":\"ListItem\",\"position\":2,\"name\":\"The International Yachting Media \u00e9 parceira do Cannes Yachting Festival\"}]},{\"@type\":\"WebSite\",\"@id\":\"https:\\\/\\\/www.yachtingnews.com\\\/pt-br\\\/#website\",\"url\":\"https:\\\/\\\/www.yachtingnews.com\\\/pt-br\\\/\",\"name\":\"Yachting News\",\"description\":\"The International Yachting Media\",\"publisher\":{\"@id\":\"https:\\\/\\\/www.yachtingnews.com\\\/pt-br\\\/#organization\"},\"potentialAction\":[{\"@type\":\"SearchAction\",\"target\":{\"@type\":\"EntryPoint\",\"urlTemplate\":\"https:\\\/\\\/www.yachtingnews.com\\\/pt-br\\\/?s={search_term_string}\"},\"query-input\":{\"@type\":\"PropertyValueSpecification\",\"valueRequired\":true,\"valueName\":\"search_term_string\"}}],\"inLanguage\":\"pt-BR\"},{\"@type\":\"Organization\",\"@id\":\"https:\\\/\\\/www.yachtingnews.com\\\/pt-br\\\/#organization\",\"name\":\"Yachting News\",\"url\":\"https:\\\/\\\/www.yachtingnews.com\\\/pt-br\\\/\",\"logo\":{\"@type\":\"ImageObject\",\"inLanguage\":\"pt-BR\",\"@id\":\"https:\\\/\\\/www.yachtingnews.com\\\/pt-br\\\/#\\\/schema\\\/logo\\\/image\\\/\",\"url\":\"https:\\\/\\\/www.yachtingnews.com\\\/wp-content\\\/uploads\\\/2023\\\/02\\\/LOGO-Yachting-NEWS-blu-800.png\",\"contentUrl\":\"https:\\\/\\\/www.yachtingnews.com\\\/wp-content\\\/uploads\\\/2023\\\/02\\\/LOGO-Yachting-NEWS-blu-800.png\",\"width\":790,\"height\":99,\"caption\":\"Yachting News\"},\"image\":{\"@id\":\"https:\\\/\\\/www.yachtingnews.com\\\/pt-br\\\/#\\\/schema\\\/logo\\\/image\\\/\"},\"sameAs\":[\"https:\\\/\\\/www.facebook.com\\\/TheInternationalYachtingMedia\",\"https:\\\/\\\/x.com\\\/YachtingMedia\",\"https:\\\/\\\/www.instagram.com\\\/yachting.news\\\/\",\"https:\\\/\\\/www.linkedin.com\\\/company\\\/the-international-yachting-media\",\"https:\\\/\\\/www.youtube.com\\\/c\\\/TheInternationalYachtingMedia\"]},{\"@type\":\"Person\",\"@id\":\"https:\\\/\\\/www.yachtingnews.com\\\/pt-br\\\/#\\\/schema\\\/person\\\/26cc8c9362c1c1f488e167e1517dbbf8\",\"name\":\"Alessio Molla\",\"image\":{\"@type\":\"ImageObject\",\"inLanguage\":\"pt-BR\",\"@id\":\"https:\\\/\\\/www.yachtingnews.com\\\/wp-content\\\/litespeed\\\/avatar\\\/9205f06904bae2d7d56385b2516e3d4c.jpg?ver=1788200809\",\"url\":\"https:\\\/\\\/www.yachtingnews.com\\\/wp-content\\\/litespeed\\\/avatar\\\/9205f06904bae2d7d56385b2516e3d4c.jpg?ver=1788200809\",\"contentUrl\":\"https:\\\/\\\/www.yachtingnews.com\\\/wp-content\\\/litespeed\\\/avatar\\\/9205f06904bae2d7d56385b2516e3d4c.jpg?ver=1788200809\",\"caption\":\"Alessio Molla\"},\"url\":\"https:\\\/\\\/www.yachtingnews.com\\\/pt-br\\\/author\\\/alessiom\\\/\"}]}<\/script>\n<!-- \/ Yoast SEO plugin. -->","yoast_head_json":{"title":"The International Yachting Media \u00e9 parceiro do Cannes Yachting Festival","description":"A International Yachting Media e o Cannes Yachting Festival juntam-se novamente para consolidar uma parceria de grande sucesso...","robots":{"index":"index","follow":"follow","max-snippet":"max-snippet:-1","max-image-preview":"max-image-preview:large","max-video-preview":"max-video-preview:-1"},"canonical":"https:\/\/www.yachtingnews.com\/pt-br\/the-international-yachting-media-e-parceira-do-cannes-yachting-festival\/","og_locale":"pt_BR","og_type":"article","og_title":"The International Yachting Media \u00e9 parceiro do Cannes Yachting Festival","og_description":"A International Yachting Media e o Cannes Yachting Festival juntam-se novamente para consolidar uma parceria de grande sucesso...","og_url":"https:\/\/www.yachtingnews.com\/pt-br\/the-international-yachting-media-e-parceira-do-cannes-yachting-festival\/","og_site_name":"Yachting News","article_publisher":"https:\/\/www.facebook.com\/TheInternationalYachtingMedia","article_published_time":"2023-06-19T02:35:00+00:00","article_modified_time":"2023-07-16T07:49:36+00:00","og_image":[{"width":1600,"height":900,"url":"https:\/\/www.yachtingnews.com\/wp-content\/uploads\/2023\/06\/The-International-Yachting-Media-Cannes.jpg","type":"image\/jpeg"}],"author":"Alessio Molla","twitter_card":"summary_large_image","twitter_creator":"@YachtingMedia","twitter_site":"@YachtingMedia","twitter_misc":{"Escrito por":"Alessio Molla","Est. tempo de leitura":"4 minutos"},"schema":{"@context":"https:\/\/schema.org","@graph":[{"@type":"Article","@id":"https:\/\/www.yachtingnews.com\/pt-br\/the-international-yachting-media-e-parceira-do-cannes-yachting-festival\/#article","isPartOf":{"@id":"https:\/\/www.yachtingnews.com\/pt-br\/the-international-yachting-media-e-parceira-do-cannes-yachting-festival\/"},"author":{"name":"Alessio Molla","@id":"https:\/\/www.yachtingnews.com\/pt-br\/#\/schema\/person\/26cc8c9362c1c1f488e167e1517dbbf8"},"headline":"The International Yachting Media \u00e9 parceira do Cannes Yachting Festival","datePublished":"2023-06-19T02:35:00+00:00","dateModified":"2023-07-16T07:49:36+00:00","mainEntityOfPage":{"@id":"https:\/\/www.yachtingnews.com\/pt-br\/the-international-yachting-media-e-parceira-do-cannes-yachting-festival\/"},"wordCount":728,"commentCount":0,"publisher":{"@id":"https:\/\/www.yachtingnews.com\/pt-br\/#organization"},"image":{"@id":"https:\/\/www.yachtingnews.com\/pt-br\/the-international-yachting-media-e-parceira-do-cannes-yachting-festival\/#primaryimage"},"thumbnailUrl":"https:\/\/www.yachtingnews.com\/wp-content\/uploads\/2023\/06\/The-International-Yachting-Media-Cannes.jpg","keywords":["Cannes Yachting Festival","Cannes Yachting Festival 2023","parceiro de media Cannes Yachting Festival","Sal\u00e3o n\u00e1utico de Cannes","superiates","The International Yachting Media"],"articleSection":["Cannes Yachting Festival","ESPECT\u00c1CULOS DE BARCOS","Not\u00edcias"],"inLanguage":"pt-BR","potentialAction":[{"@type":"CommentAction","name":"Comment","target":["https:\/\/www.yachtingnews.com\/pt-br\/the-international-yachting-media-e-parceira-do-cannes-yachting-festival\/#respond"]}]},{"@type":"WebPage","@id":"https:\/\/www.yachtingnews.com\/pt-br\/the-international-yachting-media-e-parceira-do-cannes-yachting-festival\/","url":"https:\/\/www.yachtingnews.com\/pt-br\/the-international-yachting-media-e-parceira-do-cannes-yachting-festival\/","name":"The International Yachting Media \u00e9 parceiro do Cannes Yachting Festival","isPartOf":{"@id":"https:\/\/www.yachtingnews.com\/pt-br\/#website"},"primaryImageOfPage":{"@id":"https:\/\/www.yachtingnews.com\/pt-br\/the-international-yachting-media-e-parceira-do-cannes-yachting-festival\/#primaryimage"},"image":{"@id":"https:\/\/www.yachtingnews.com\/pt-br\/the-international-yachting-media-e-parceira-do-cannes-yachting-festival\/#primaryimage"},"thumbnailUrl":"https:\/\/www.yachtingnews.com\/wp-content\/uploads\/2023\/06\/The-International-Yachting-Media-Cannes.jpg","datePublished":"2023-06-19T02:35:00+00:00","dateModified":"2023-07-16T07:49:36+00:00","description":"A International Yachting Media e o Cannes Yachting Festival juntam-se novamente para consolidar uma parceria de grande sucesso...","breadcrumb":{"@id":"https:\/\/www.yachtingnews.com\/pt-br\/the-international-yachting-media-e-parceira-do-cannes-yachting-festival\/#breadcrumb"},"inLanguage":"pt-BR","potentialAction":[{"@type":"ReadAction","target":["https:\/\/www.yachtingnews.com\/pt-br\/the-international-yachting-media-e-parceira-do-cannes-yachting-festival\/"]}]},{"@type":"ImageObject","inLanguage":"pt-BR","@id":"https:\/\/www.yachtingnews.com\/pt-br\/the-international-yachting-media-e-parceira-do-cannes-yachting-festival\/#primaryimage","url":"https:\/\/www.yachtingnews.com\/wp-content\/uploads\/2023\/06\/The-International-Yachting-Media-Cannes.jpg","contentUrl":"https:\/\/www.yachtingnews.com\/wp-content\/uploads\/2023\/06\/The-International-Yachting-Media-Cannes.jpg","width":1600,"height":900,"caption":"The International Yachting Media Cannes"},{"@type":"BreadcrumbList","@id":"https:\/\/www.yachtingnews.com\/pt-br\/the-international-yachting-media-e-parceira-do-cannes-yachting-festival\/#breadcrumb","itemListElement":[{"@type":"ListItem","position":1,"name":"Home","item":"https:\/\/www.yachtingnews.com\/pt-br\/yachting-news-2\/"},{"@type":"ListItem","position":2,"name":"The International Yachting Media \u00e9 parceira do Cannes Yachting Festival"}]},{"@type":"WebSite","@id":"https:\/\/www.yachtingnews.com\/pt-br\/#website","url":"https:\/\/www.yachtingnews.com\/pt-br\/","name":"Yachting News","description":"The International Yachting Media","publisher":{"@id":"https:\/\/www.yachtingnews.com\/pt-br\/#organization"},"potentialAction":[{"@type":"SearchAction","target":{"@type":"EntryPoint","urlTemplate":"https:\/\/www.yachtingnews.com\/pt-br\/?s={search_term_string}"},"query-input":{"@type":"PropertyValueSpecification","valueRequired":true,"valueName":"search_term_string"}}],"inLanguage":"pt-BR"},{"@type":"Organization","@id":"https:\/\/www.yachtingnews.com\/pt-br\/#organization","name":"Yachting News","url":"https:\/\/www.yachtingnews.com\/pt-br\/","logo":{"@type":"ImageObject","inLanguage":"pt-BR","@id":"https:\/\/www.yachtingnews.com\/pt-br\/#\/schema\/logo\/image\/","url":"https:\/\/www.yachtingnews.com\/wp-content\/uploads\/2023\/02\/LOGO-Yachting-NEWS-blu-800.png","contentUrl":"https:\/\/www.yachtingnews.com\/wp-content\/uploads\/2023\/02\/LOGO-Yachting-NEWS-blu-800.png","width":790,"height":99,"caption":"Yachting News"},"image":{"@id":"https:\/\/www.yachtingnews.com\/pt-br\/#\/schema\/logo\/image\/"},"sameAs":["https:\/\/www.facebook.com\/TheInternationalYachtingMedia","https:\/\/x.com\/YachtingMedia","https:\/\/www.instagram.com\/yachting.news\/","https:\/\/www.linkedin.com\/company\/the-international-yachting-media","https:\/\/www.youtube.com\/c\/TheInternationalYachtingMedia"]},{"@type":"Person","@id":"https:\/\/www.yachtingnews.com\/pt-br\/#\/schema\/person\/26cc8c9362c1c1f488e167e1517dbbf8","name":"Alessio Molla","image":{"@type":"ImageObject","inLanguage":"pt-BR","@id":"https:\/\/www.yachtingnews.com\/wp-content\/litespeed\/avatar\/9205f06904bae2d7d56385b2516e3d4c.jpg?ver=1788200809","url":"https:\/\/www.yachtingnews.com\/wp-content\/litespeed\/avatar\/9205f06904bae2d7d56385b2516e3d4c.jpg?ver=1788200809","contentUrl":"https:\/\/www.yachtingnews.com\/wp-content\/litespeed\/avatar\/9205f06904bae2d7d56385b2516e3d4c.jpg?ver=1788200809","caption":"Alessio Molla"},"url":"https:\/\/www.yachtingnews.com\/pt-br\/author\/alessiom\/"}]}},"_links":{"self":[{"href":"https:\/\/www.yachtingnews.com\/pt-br\/wp-json\/wp\/v2\/posts\/67721","targetHints":{"allow":["GET"]}}],"collection":[{"href":"https:\/\/www.yachtingnews.com\/pt-br\/wp-json\/wp\/v2\/posts"}],"about":[{"href":"https:\/\/www.yachtingnews.com\/pt-br\/wp-json\/wp\/v2\/types\/post"}],"author":[{"embeddable":true,"href":"https:\/\/www.yachtingnews.com\/pt-br\/wp-json\/wp\/v2\/users\/56"}],"replies":[{"embeddable":true,"href":"https:\/\/www.yachtingnews.com\/pt-br\/wp-json\/wp\/v2\/comments?post=67721"}],"version-history":[{"count":0,"href":"https:\/\/www.yachtingnews.com\/pt-br\/wp-json\/wp\/v2\/posts\/67721\/revisions"}],"wp:featuredmedia":[{"embeddable":true,"href":"https:\/\/www.yachtingnews.com\/pt-br\/wp-json\/wp\/v2\/media\/67766"}],"wp:attachment":[{"href":"https:\/\/www.yachtingnews.com\/pt-br\/wp-json\/wp\/v2\/media?parent=67721"}],"wp:term":[{"taxonomy":"category","embeddable":true,"href":"https:\/\/www.yachtingnews.com\/pt-br\/wp-json\/wp\/v2\/categories?post=67721"},{"taxonomy":"post_tag","embeddable":true,"href":"https:\/\/www.yachtingnews.com\/pt-br\/wp-json\/wp\/v2\/tags?post=67721"}],"curies":[{"name":"wp","href":"https:\/\/api.w.org\/{rel}","templated":true}]}}