{"id":92632,"date":"2023-09-15T06:41:06","date_gmt":"2023-09-15T05:41:06","guid":{"rendered":"https:\/\/yachtingnews.com\/mar-co-genoa-cannes-dois-barcos-unicos\/"},"modified":"2023-09-19T12:49:56","modified_gmt":"2023-09-19T12:49:56","slug":"mar-co-genoa-cannes-dois-barcos-unicos","status":"publish","type":"post","link":"https:\/\/www.yachtingnews.com\/pt-br\/mar-co-genoa-cannes-dois-barcos-unicos\/","title":{"rendered":"MAR.CO nos sal\u00f5es n\u00e1uticos de Cannes e G\u00e9nova com dois barcos \u00fanicos"},"content":{"rendered":"\t\t<div data-elementor-type=\"wp-post\" data-elementor-id=\"92632\" class=\"elementor elementor-92632 elementor-92432\" data-elementor-post-type=\"post\">\n\t\t\t\t\t\t<section class=\"elementor-section elementor-top-section elementor-element elementor-element-2b3ef319 elementor-section-boxed elementor-section-height-default elementor-section-height-default\" data-id=\"2b3ef319\" data-element_type=\"section\" data-e-type=\"section\">\n\t\t\t\t\t\t<div class=\"elementor-container elementor-column-gap-default\">\n\t\t\t\t\t<div class=\"elementor-column elementor-col-100 elementor-top-column elementor-element elementor-element-65c0b0a8\" data-id=\"65c0b0a8\" data-element_type=\"column\" data-e-type=\"column\">\n\t\t\t<div class=\"elementor-widget-wrap elementor-element-populated\">\n\t\t\t\t\t\t<div class=\"elementor-element elementor-element-35637013 elementor-widget elementor-widget-text-editor\" data-id=\"35637013\" data-element_type=\"widget\" data-e-type=\"widget\" data-widget_type=\"text-editor.default\">\n\t\t\t\t<div class=\"elementor-widget-container\">\n\t\t\t\t\t\t\t\t\t<p lang=\"en-US\">Falta muito pouco tempo para o in\u00edcio da edi\u00e7\u00e3o de 2023 do famoso <b>Cannes Yachting Festival<\/b>e a empresa <b>MAR.CO MARINE COSTRUZIONI<\/b>, que h\u00e1 mais de 40 anos fabrica insufl\u00e1veis de extraordin\u00e1ria qualidade, apresentar\u00e1 dois Maxi-Ribs \u00fanicos.<\/p>\n<p><span lang=\"en-US\"><img decoding=\"async\" class=\"alignleft wp-image-92437\" title=\"MAR.CO COSTRUZIONI\" src=\"https:\/\/yachtingnews.com\/wp-content\/uploads\/2023\/09\/MAR.CO-COSTRUZIONI-300x169.webp\" alt=\"MAR.CO COSTRUZIONI\" width=\"400\" height=\"225\" srcset=\"https:\/\/www.yachtingnews.com\/wp-content\/uploads\/2023\/09\/MAR.CO-COSTRUZIONI-300x169.webp 300w, https:\/\/www.yachtingnews.com\/wp-content\/uploads\/2023\/09\/MAR.CO-COSTRUZIONI.webp 480w\" sizes=\"(max-width: 400px) 100vw, 400px\" \/>O trabalho efectuado <\/span><span lang=\"en-US\"><br \/>\n  <b>desde 1974<\/b><br \/>\n<\/span><span lang=\"en-US\"> pelo <\/span><a href=\"https:\/\/yachtingnews.com\/?s=mar.co\">estaleiro italiano <\/a><span lang=\"en-US\">tem dado grandes resultados ao longo dos anos, e gra\u00e7as \u00e0<\/span><span lang=\"en-US\"><br \/>\n  <b> qualidade<\/b><br \/>\n<\/span><span lang=\"en-US\"> dos barcos projectados, produzidos e vendidos pela empresa, estes barcos tornaram-se uma<\/span><span lang=\"en-US\"><br \/>\n  <b> refer\u00eancia<\/b><br \/>\n<\/span><span lang=\"en-US\"> de exclusividade, <\/span><span lang=\"en-US\"><br \/>\n  <b>luxo<\/b><br \/>\n<\/span><span lang=\"en-US\"> luxo e eleg\u00e2ncia no segmento dos barcos abertos. <\/span> <\/p>\n<p lang=\"en-US\">No pr\u00f3ximo sal\u00e3o n\u00e1utico n.\u00ba 1 da Europa, a MAR.CO ir\u00e1 expor dois modelos no <b>stand PAN055<\/b>: o <b>E-MOTION 36<\/b> e o <b>R-EVOLUTION X35.<\/b><\/p>\n<p lang=\"en-US\">Ligeiramente <img decoding=\"async\" class=\"alignright wp-image-92440\" title=\"mar.co-boat-shows-35\" src=\"https:\/\/yachtingnews.com\/wp-content\/uploads\/2023\/09\/mar.co-boat-shows-35-300x169.webp\" alt=\"mar.co-boat-shows-35\" width=\"450\" height=\"253\" srcset=\"https:\/\/www.yachtingnews.com\/wp-content\/uploads\/2023\/09\/mar.co-boat-shows-35-300x169.webp 300w, https:\/\/www.yachtingnews.com\/wp-content\/uploads\/2023\/09\/mar.co-boat-shows-35-480x270.webp 480w, https:\/\/www.yachtingnews.com\/wp-content\/uploads\/2023\/09\/mar.co-boat-shows-35.webp 768w\" sizes=\"(max-width: 450px) 100vw, 450px\" \/>mais pequeno que o E-36, o R-EVOLUTION X35 destaca-se na gama MAR.CO por ser um dos barcos insufl\u00e1veis preferidos da marca. As suas caracter\u00edsticas s\u00e3o claras: qualidade, beleza e elementos inovadores, mas respeitando os valores fundamentais da empresa.<\/p>\n<p lang=\"en-US\"><b>Desportivo<\/b>  elegante, este barco, com mais de 10 metros de comprimento mas homologado como embarca\u00e7\u00e3o sem registo, oferece aos seus propriet\u00e1rios  <b>conforto  <\/b>e relaxamento no conv\u00e9s, gra\u00e7as \u00e0 dinette de popa, ao conv\u00e9s de sol a vante e \u00e0 \u00fatil casa de banho, situada na consola do leme, que completa o conjunto de servi\u00e7os necess\u00e1rios para desfrutar de um bom dia de cruzeiro. Mas n\u00e3o \u00e9 tudo: embora este barco tenha muitas comodidades a bordo, a sua <b>alma <\/b>\u00e9<b> ruidosa<\/b> e extremamente <b>adrenalina, <\/b>feita precisamente para aqueles que n\u00e3o se contentam com o desempenho e querem experimentar <b>emo\u00e7\u00f5es fortes <\/b>sempre que se sentam ao volante.<\/p>\n<p><span lang=\"en-US\"><img decoding=\"async\" class=\"alignleft wp-image-92446\" title=\"e-motion-36\" src=\"https:\/\/yachtingnews.com\/wp-content\/uploads\/2023\/09\/e-motion-36-300x169.webp\" alt=\"e-motion-36\" width=\"450\" height=\"253\" srcset=\"https:\/\/www.yachtingnews.com\/wp-content\/uploads\/2023\/09\/e-motion-36-300x169.webp 300w, https:\/\/www.yachtingnews.com\/wp-content\/uploads\/2023\/09\/e-motion-36-480x270.webp 480w, https:\/\/www.yachtingnews.com\/wp-content\/uploads\/2023\/09\/e-motion-36.webp 768w\" sizes=\"(max-width: 450px) 100vw, 450px\" \/>A sua irm\u00e3 mais velha,  <\/span><a href=\"https:\/\/yachtingnews.com\/mar-co-e-motion-36\/\">E-MOTION 36,<\/a><span lang=\"en-US\"> n\u00e3o se afasta demasiado dos conceitos do modelo anterior, embora o desejo de <\/span><span lang=\"en-US\"><br \/>\n  <b>excel\u00eancia <\/b><br \/>\n<\/span><span lang=\"en-US\">desempenho e luxo.<br \/>O modelo que ser\u00e1 apresentado no Cannes Yachting Festival 2023 ser\u00e1 equipado com <\/span> <span lang=\"en-US\"><br \/>\n  <b>tr\u00eas motores de popa Yamaha,<\/b><br \/>\n<\/span><span lang=\"en-US\"> que proporcionam toda a pot\u00eancia de que este modelo necessita e muito mais. <\/span> <\/p>\n<p lang=\"en-US\">Este barco, tal como o seu antecessor, pode ser fabricado com um casco de fibra de vidro produzido com a inovadora tecnologia <b>Infusion System<\/b>, que torna o casco mais forte, reduzindo o peso total do barco.<\/p>\n<p><span lang=\"en-US\">A grande dinette de popa <img decoding=\"async\" class=\"alignright wp-image-92449\" title=\"mar.co interior\" src=\"https:\/\/yachtingnews.com\/wp-content\/uploads\/2023\/09\/mar.co-interior-1-300x169.webp\" alt=\"mar.co interior\" width=\"450\" height=\"253\" srcset=\"https:\/\/www.yachtingnews.com\/wp-content\/uploads\/2023\/09\/mar.co-interior-1-300x169.webp 300w, https:\/\/www.yachtingnews.com\/wp-content\/uploads\/2023\/09\/mar.co-interior-1-480x270.webp 480w, https:\/\/www.yachtingnews.com\/wp-content\/uploads\/2023\/09\/mar.co-interior-1.webp 768w\" sizes=\"(max-width: 450px) 100vw, 450px\" \/>com uma mesa el\u00e9ctrica retr\u00e1til, bancos de popa reclin\u00e1veis, casa de banho com cabina de duche separada, escada de escalada e cabina retr\u00e1til e toldo com postes de carbono amov\u00edveis tornam este barco <\/span><span lang=\"en-US\"><br \/>\n  <b>m\u00e1ximo<\/b><br \/>\n<\/span><span lang=\"en-US\"> em qualidade e ofertas que um <\/span><a href=\"https:\/\/www.touslesbateaux.fr\/magazine\/maxi-rib\">Maxi-Rib<\/a><span lang=\"en-US\"> pode ter. <\/span> <\/p>\n<p lang=\"en-US\">Equipado com um  <b>casco profundo<\/b>  que garante  <b>conforto<\/b>  e  <b>seguran\u00e7a  <\/b>em todas as condi\u00e7\u00f5es, o E-36, com os seus mais de 10 metros de comprimento e homologa\u00e7\u00e3o para 9,98 metros, \u00e9 o modelo que estamos ansiosos por testar no Cannes Yachting Festival deste ano, com toda a pot\u00eancia dos seus 3 motores fora de borda Yamaha.<\/p>\n<p lang=\"en-US\">Imediatamente ap\u00f3s Cannes, o estaleiro apresentar\u00e1 tamb\u00e9m a sua magn\u00edfica gama no <b>63\u00ba Sal\u00e3o Internacional do Barco de G\u00e9nova<\/b>, que se realizar\u00e1 <b>de 21 a 26 de setembro de 2023,<\/b> e do qual, estamos certos, receberemos grande entusiasmo.<\/p>\n<p lang=\"en-US\" style=\"margin-bottom: 0cm;\">\n\t\t\t\t\t\t\t\t<\/div>\n\t\t\t\t<\/div>\n\t\t\t\t\t<\/div>\n\t\t<\/div>\n\t\t\t\t\t<\/div>\n\t\t<\/section>\n\t\t\t\t<section class=\"elementor-section elementor-top-section elementor-element elementor-element-9dbbfed elementor-section-boxed elementor-section-height-default elementor-section-height-default\" data-id=\"9dbbfed\" data-element_type=\"section\" data-e-type=\"section\">\n\t\t\t\t\t\t<div class=\"elementor-container elementor-column-gap-default\">\n\t\t\t\t\t<div class=\"elementor-column elementor-col-100 elementor-top-column elementor-element elementor-element-ec0a5a4\" data-id=\"ec0a5a4\" data-element_type=\"column\" data-e-type=\"column\">\n\t\t\t<div class=\"elementor-widget-wrap elementor-element-populated\">\n\t\t\t\t\t\t<div class=\"elementor-element elementor-element-3dd8c25 uael-img-carousel-arrow-inside uael-ins-normal elementor-widget elementor-widget-uael-image-gallery\" data-id=\"3dd8c25\" data-element_type=\"widget\" data-e-type=\"widget\" data-settings=\"{&quot;slides_to_show&quot;:1,&quot;slides_to_show_tablet&quot;:1,&quot;slides_to_show_mobile&quot;:1,&quot;slides_to_scroll&quot;:1,&quot;slides_to_scroll_tablet&quot;:1,&quot;slides_to_scroll_mobile&quot;:1,&quot;column_gap&quot;:{&quot;unit&quot;:&quot;px&quot;,&quot;size&quot;:20,&quot;sizes&quot;:[]},&quot;column_gap_tablet&quot;:{&quot;unit&quot;:&quot;px&quot;,&quot;size&quot;:&quot;&quot;,&quot;sizes&quot;:[]},&quot;column_gap_mobile&quot;:{&quot;unit&quot;:&quot;px&quot;,&quot;size&quot;:&quot;&quot;,&quot;sizes&quot;:[]}}\" data-widget_type=\"uael-image-gallery.default\">\n\t\t\t\t<div class=\"elementor-widget-container\">\n\t\t\t\t\t<div class=\"uael-gallery-parent uael-caption- uael-gallery-unjustified\"><div data-image_carousel=\"{&quot;slidesToShow&quot;:1,&quot;slidesToScroll&quot;:1,&quot;autoplaySpeed&quot;:5000,&quot;autoplay&quot;:true,&quot;infinite&quot;:true,&quot;pauseOnHover&quot;:true,&quot;speed&quot;:500,&quot;arrows&quot;:true,&quot;dots&quot;:false,&quot;rtl&quot;:false,&quot;responsive&quot;:[{&quot;breakpoint&quot;:1024,&quot;settings&quot;:{&quot;slidesToShow&quot;:1,&quot;slidesToScroll&quot;:1}},{&quot;breakpoint&quot;:767,&quot;settings&quot;:{&quot;slidesToShow&quot;:1,&quot;slidesToScroll&quot;:1}}]}\" class=\"uael-img-gallery-wrap uael-img-carousel-wrap uael-nav-arrows\" data-filter-default=\"Todos\"><div class=\"uael-grid-item  uael-img-gallery-item-1\"><div class=\"uael-grid-item-content\"><figure class=\"uael-grid-img uael-grid-gallery-img uael-ins-hover elementor-clickable\"><div class=\"uael-grid-img-thumbnail uael-ins-target\"><img decoding=\"async\" width=\"2560\" height=\"1440\" src=\"https:\/\/www.yachtingnews.com\/wp-content\/uploads\/2023\/09\/motore-scaled.jpg\" class=\"attachment-full size-full wp-image-92547\" alt=\"engine\" srcset=\"https:\/\/www.yachtingnews.com\/wp-content\/uploads\/2023\/09\/motore-scaled.jpg 2560w, https:\/\/www.yachtingnews.com\/wp-content\/uploads\/2023\/09\/motore-300x169.jpg 300w, https:\/\/www.yachtingnews.com\/wp-content\/uploads\/2023\/09\/motore-1600x900.jpg 1600w, https:\/\/www.yachtingnews.com\/wp-content\/uploads\/2023\/09\/motore-768x432.jpg 768w, https:\/\/www.yachtingnews.com\/wp-content\/uploads\/2023\/09\/motore-1536x864.jpg 1536w, https:\/\/www.yachtingnews.com\/wp-content\/uploads\/2023\/09\/motore-2048x1152.jpg 2048w, https:\/\/www.yachtingnews.com\/wp-content\/uploads\/2023\/09\/motore-480x270.jpg 480w\" sizes=\"(max-width: 2560px) 100vw, 2560px\" \/><\/div><div class=\"uael-grid-img-overlay\"><\/div><\/figure><\/div><\/div><div class=\"uael-grid-item  uael-img-gallery-item-2\"><div class=\"uael-grid-item-content\"><figure class=\"uael-grid-img uael-grid-gallery-img uael-ins-hover elementor-clickable\"><div class=\"uael-grid-img-thumbnail uael-ins-target\"><img decoding=\"async\" width=\"2560\" height=\"1440\" src=\"https:\/\/www.yachtingnews.com\/wp-content\/uploads\/2023\/09\/MAR-CO-1-scaled.jpg\" class=\"attachment-full size-full wp-image-92541\" alt=\"MAR CO 1\" srcset=\"https:\/\/www.yachtingnews.com\/wp-content\/uploads\/2023\/09\/MAR-CO-1-scaled.jpg 2560w, https:\/\/www.yachtingnews.com\/wp-content\/uploads\/2023\/09\/MAR-CO-1-300x169.jpg 300w, https:\/\/www.yachtingnews.com\/wp-content\/uploads\/2023\/09\/MAR-CO-1-1600x900.jpg 1600w, https:\/\/www.yachtingnews.com\/wp-content\/uploads\/2023\/09\/MAR-CO-1-768x432.jpg 768w, https:\/\/www.yachtingnews.com\/wp-content\/uploads\/2023\/09\/MAR-CO-1-1536x864.jpg 1536w, https:\/\/www.yachtingnews.com\/wp-content\/uploads\/2023\/09\/MAR-CO-1-2048x1152.jpg 2048w, https:\/\/www.yachtingnews.com\/wp-content\/uploads\/2023\/09\/MAR-CO-1-480x270.jpg 480w\" sizes=\"(max-width: 2560px) 100vw, 2560px\" \/><\/div><div class=\"uael-grid-img-overlay\"><\/div><\/figure><\/div><\/div><div class=\"uael-grid-item  uael-img-gallery-item-3\"><div class=\"uael-grid-item-content\"><figure class=\"uael-grid-img uael-grid-gallery-img uael-ins-hover elementor-clickable\"><div class=\"uael-grid-img-thumbnail uael-ins-target\"><img decoding=\"async\" width=\"2560\" height=\"1440\" src=\"https:\/\/www.yachtingnews.com\/wp-content\/uploads\/2023\/09\/detail-scaled.jpg\" class=\"attachment-full size-full wp-image-92538\" alt=\"detail\" srcset=\"https:\/\/www.yachtingnews.com\/wp-content\/uploads\/2023\/09\/detail-scaled.jpg 2560w, https:\/\/www.yachtingnews.com\/wp-content\/uploads\/2023\/09\/detail-300x169.jpg 300w, https:\/\/www.yachtingnews.com\/wp-content\/uploads\/2023\/09\/detail-1600x900.jpg 1600w, https:\/\/www.yachtingnews.com\/wp-content\/uploads\/2023\/09\/detail-768x432.jpg 768w, https:\/\/www.yachtingnews.com\/wp-content\/uploads\/2023\/09\/detail-1536x864.jpg 1536w, https:\/\/www.yachtingnews.com\/wp-content\/uploads\/2023\/09\/detail-2048x1152.jpg 2048w, https:\/\/www.yachtingnews.com\/wp-content\/uploads\/2023\/09\/detail-480x270.jpg 480w\" sizes=\"(max-width: 2560px) 100vw, 2560px\" \/><\/div><div class=\"uael-grid-img-overlay\"><\/div><\/figure><\/div><\/div><div class=\"uael-grid-item  uael-img-gallery-item-4\"><div class=\"uael-grid-item-content\"><figure class=\"uael-grid-img uael-grid-gallery-img uael-ins-hover elementor-clickable\"><div class=\"uael-grid-img-thumbnail uael-ins-target\"><img decoding=\"async\" width=\"2560\" height=\"1440\" src=\"https:\/\/www.yachtingnews.com\/wp-content\/uploads\/2023\/09\/MAR-CO-2-scaled.jpg\" class=\"attachment-full size-full wp-image-92544\" alt=\"stern view\" srcset=\"https:\/\/www.yachtingnews.com\/wp-content\/uploads\/2023\/09\/MAR-CO-2-scaled.jpg 2560w, https:\/\/www.yachtingnews.com\/wp-content\/uploads\/2023\/09\/MAR-CO-2-300x169.jpg 300w, https:\/\/www.yachtingnews.com\/wp-content\/uploads\/2023\/09\/MAR-CO-2-1600x900.jpg 1600w, https:\/\/www.yachtingnews.com\/wp-content\/uploads\/2023\/09\/MAR-CO-2-768x432.jpg 768w, https:\/\/www.yachtingnews.com\/wp-content\/uploads\/2023\/09\/MAR-CO-2-1536x864.jpg 1536w, https:\/\/www.yachtingnews.com\/wp-content\/uploads\/2023\/09\/MAR-CO-2-2048x1152.jpg 2048w, https:\/\/www.yachtingnews.com\/wp-content\/uploads\/2023\/09\/MAR-CO-2-480x270.jpg 480w\" sizes=\"(max-width: 2560px) 100vw, 2560px\" \/><\/div><div class=\"uael-grid-img-overlay\"><\/div><\/figure><\/div><\/div><\/div><\/div>\t\t\t\t<\/div>\n\t\t\t\t<\/div>\n\t\t\t\t\t<\/div>\n\t\t<\/div>\n\t\t\t\t\t<\/div>\n\t\t<\/section>\n\t\t\t\t<\/div>\n\t\t","protected":false},"excerpt":{"rendered":"<p>Falta muito pouco tempo para o in\u00edcio da edi\u00e7\u00e3o de 2023 do famoso Cannes Yachting Festivale a empresa MAR.CO MARINE COSTRUZIONI, que h\u00e1 mais de 40 anos fabrica insufl\u00e1veis de extraordin\u00e1ria qualidade, apresentar\u00e1 dois Maxi-Ribs \u00fanicos. O trabalho efectuado desde 1974 pelo estaleiro italiano tem dado grandes resultados ao longo dos anos, e gra\u00e7as \u00e0 [&hellip;]<\/p>\n","protected":false},"author":54,"featured_media":92435,"comment_status":"open","ping_status":"open","sticky":false,"template":"","format":"standard","meta":{"_mo_disable_npp":"","footnotes":""},"categories":[1672,1671,1688,1653,1768],"tags":[1673,2025,2026,1783,1691],"class_list":["post-92632","post","type-post","status-publish","format-standard","has-post-thumbnail","hentry","category-cannes-yachting-festival-pt-br","category-boat-shows-pt-br","category-maxi-ribs-e-cruzeiros-abertos-de-luxo","category-news-pt-br","category-genoa-international-boat-show-pt-br","tag-cannes-yachting-festival-pt-br","tag-luxo","tag-mar-co-pt-br-2","tag-maxi-rib-pt-br","tag-salao-internacional-de-barcos-de-genova"],"yoast_head":"<!-- This site is optimized with the Yoast SEO plugin v28.3 - https:\/\/yoast.com\/product\/yoast-seo-wordpress\/ -->\n<title>MAR CO nos sal\u00f5es n\u00e1uticos de Cannes e G\u00e9nova com dois barcos \u00fanicos - Yachting News<\/title>\n<meta name=\"description\" content=\"Falta muito pouco tempo para o in\u00edcio da edi\u00e7\u00e3o de 2023 do famoso Cannes Yachting Festival, e a MAR.CO MARINE...\" \/>\n<meta name=\"robots\" content=\"index, follow, max-snippet:-1, max-image-preview:large, max-video-preview:-1\" \/>\n<link rel=\"canonical\" href=\"https:\/\/www.yachtingnews.com\/pt-br\/mar-co-genoa-cannes-dois-barcos-unicos\/\" \/>\n<meta property=\"og:locale\" content=\"pt_BR\" \/>\n<meta property=\"og:type\" content=\"article\" \/>\n<meta property=\"og:title\" content=\"MAR CO nos sal\u00f5es n\u00e1uticos de Cannes e G\u00e9nova com dois barcos \u00fanicos - Yachting News\" \/>\n<meta property=\"og:description\" content=\"Falta muito pouco tempo para o in\u00edcio da edi\u00e7\u00e3o de 2023 do famoso Cannes Yachting Festival, e a MAR.CO MARINE...\" \/>\n<meta property=\"og:url\" content=\"https:\/\/www.yachtingnews.com\/pt-br\/mar-co-genoa-cannes-dois-barcos-unicos\/\" \/>\n<meta property=\"og:site_name\" content=\"Yachting News\" \/>\n<meta property=\"article:publisher\" content=\"https:\/\/www.facebook.com\/TheInternationalYachtingMedia\" \/>\n<meta property=\"article:published_time\" content=\"2023-09-15T05:41:06+00:00\" \/>\n<meta property=\"article:modified_time\" content=\"2023-09-19T12:49:56+00:00\" \/>\n<meta property=\"og:image\" content=\"https:\/\/www.yachtingnews.com\/wp-content\/uploads\/2023\/09\/mar.co_.jpg\" \/>\n\t<meta property=\"og:image:width\" content=\"1600\" \/>\n\t<meta property=\"og:image:height\" content=\"900\" \/>\n\t<meta property=\"og:image:type\" content=\"image\/jpeg\" \/>\n<meta name=\"author\" content=\"S P\" \/>\n<meta name=\"twitter:card\" content=\"summary_large_image\" \/>\n<meta name=\"twitter:creator\" content=\"@YachtingMedia\" \/>\n<meta name=\"twitter:site\" content=\"@YachtingMedia\" \/>\n<meta name=\"twitter:label1\" content=\"Escrito por\" \/>\n\t<meta name=\"twitter:data1\" content=\"S P\" \/>\n\t<meta name=\"twitter:label2\" content=\"Est. tempo de leitura\" \/>\n\t<meta name=\"twitter:data2\" content=\"3 minutos\" \/>\n<script type=\"application\/ld+json\" class=\"yoast-schema-graph\">{\"@context\":\"https:\\\/\\\/schema.org\",\"@graph\":[{\"@type\":\"Article\",\"@id\":\"https:\\\/\\\/www.yachtingnews.com\\\/pt-br\\\/mar-co-genoa-cannes-dois-barcos-unicos\\\/#article\",\"isPartOf\":{\"@id\":\"https:\\\/\\\/www.yachtingnews.com\\\/pt-br\\\/mar-co-genoa-cannes-dois-barcos-unicos\\\/\"},\"author\":{\"name\":\"S P\",\"@id\":\"https:\\\/\\\/www.yachtingnews.com\\\/pt-br\\\/#\\\/schema\\\/person\\\/60517eb8bc14af08d513f9597715128a\"},\"headline\":\"MAR.CO nos sal\u00f5es n\u00e1uticos de Cannes e G\u00e9nova com dois barcos \u00fanicos\",\"datePublished\":\"2023-09-15T05:41:06+00:00\",\"dateModified\":\"2023-09-19T12:49:56+00:00\",\"mainEntityOfPage\":{\"@id\":\"https:\\\/\\\/www.yachtingnews.com\\\/pt-br\\\/mar-co-genoa-cannes-dois-barcos-unicos\\\/\"},\"wordCount\":521,\"commentCount\":0,\"publisher\":{\"@id\":\"https:\\\/\\\/www.yachtingnews.com\\\/pt-br\\\/#organization\"},\"image\":{\"@id\":\"https:\\\/\\\/www.yachtingnews.com\\\/pt-br\\\/mar-co-genoa-cannes-dois-barcos-unicos\\\/#primaryimage\"},\"thumbnailUrl\":\"https:\\\/\\\/www.yachtingnews.com\\\/wp-content\\\/uploads\\\/2023\\\/09\\\/mar.co_.jpg\",\"keywords\":[\"Cannes Yachting Festival\",\"luxo\",\"Mar.Co\",\"Maxi Rib\",\"Sal\u00e3o Internacional de Barcos de G\u00e9nova\"],\"articleSection\":[\"Cannes Yachting Festival\",\"ESPECT\u00c1CULOS DE BARCOS\",\"MAXI RIBS E CRUZEIROS ABERTOS DE LUXO\",\"Not\u00edcias\",\"Sal\u00e3o Internacional de Barcos de G\u00e9nova\"],\"inLanguage\":\"pt-BR\",\"potentialAction\":[{\"@type\":\"CommentAction\",\"name\":\"Comment\",\"target\":[\"https:\\\/\\\/www.yachtingnews.com\\\/pt-br\\\/mar-co-genoa-cannes-dois-barcos-unicos\\\/#respond\"]}]},{\"@type\":\"WebPage\",\"@id\":\"https:\\\/\\\/www.yachtingnews.com\\\/pt-br\\\/mar-co-genoa-cannes-dois-barcos-unicos\\\/\",\"url\":\"https:\\\/\\\/www.yachtingnews.com\\\/pt-br\\\/mar-co-genoa-cannes-dois-barcos-unicos\\\/\",\"name\":\"MAR CO nos sal\u00f5es n\u00e1uticos de Cannes e G\u00e9nova com dois barcos \u00fanicos - Yachting News\",\"isPartOf\":{\"@id\":\"https:\\\/\\\/www.yachtingnews.com\\\/pt-br\\\/#website\"},\"primaryImageOfPage\":{\"@id\":\"https:\\\/\\\/www.yachtingnews.com\\\/pt-br\\\/mar-co-genoa-cannes-dois-barcos-unicos\\\/#primaryimage\"},\"image\":{\"@id\":\"https:\\\/\\\/www.yachtingnews.com\\\/pt-br\\\/mar-co-genoa-cannes-dois-barcos-unicos\\\/#primaryimage\"},\"thumbnailUrl\":\"https:\\\/\\\/www.yachtingnews.com\\\/wp-content\\\/uploads\\\/2023\\\/09\\\/mar.co_.jpg\",\"datePublished\":\"2023-09-15T05:41:06+00:00\",\"dateModified\":\"2023-09-19T12:49:56+00:00\",\"description\":\"Falta muito pouco tempo para o in\u00edcio da edi\u00e7\u00e3o de 2023 do famoso Cannes Yachting Festival, e a MAR.CO MARINE...\",\"breadcrumb\":{\"@id\":\"https:\\\/\\\/www.yachtingnews.com\\\/pt-br\\\/mar-co-genoa-cannes-dois-barcos-unicos\\\/#breadcrumb\"},\"inLanguage\":\"pt-BR\",\"potentialAction\":[{\"@type\":\"ReadAction\",\"target\":[\"https:\\\/\\\/www.yachtingnews.com\\\/pt-br\\\/mar-co-genoa-cannes-dois-barcos-unicos\\\/\"]}]},{\"@type\":\"ImageObject\",\"inLanguage\":\"pt-BR\",\"@id\":\"https:\\\/\\\/www.yachtingnews.com\\\/pt-br\\\/mar-co-genoa-cannes-dois-barcos-unicos\\\/#primaryimage\",\"url\":\"https:\\\/\\\/www.yachtingnews.com\\\/wp-content\\\/uploads\\\/2023\\\/09\\\/mar.co_.jpg\",\"contentUrl\":\"https:\\\/\\\/www.yachtingnews.com\\\/wp-content\\\/uploads\\\/2023\\\/09\\\/mar.co_.jpg\",\"width\":1600,\"height\":900,\"caption\":\"mar.co\"},{\"@type\":\"BreadcrumbList\",\"@id\":\"https:\\\/\\\/www.yachtingnews.com\\\/pt-br\\\/mar-co-genoa-cannes-dois-barcos-unicos\\\/#breadcrumb\",\"itemListElement\":[{\"@type\":\"ListItem\",\"position\":1,\"name\":\"Home\",\"item\":\"https:\\\/\\\/www.yachtingnews.com\\\/pt-br\\\/yachting-news-2\\\/\"},{\"@type\":\"ListItem\",\"position\":2,\"name\":\"MAR.CO nos sal\u00f5es n\u00e1uticos de Cannes e G\u00e9nova com dois barcos \u00fanicos\"}]},{\"@type\":\"WebSite\",\"@id\":\"https:\\\/\\\/www.yachtingnews.com\\\/pt-br\\\/#website\",\"url\":\"https:\\\/\\\/www.yachtingnews.com\\\/pt-br\\\/\",\"name\":\"Yachting News\",\"description\":\"The International Yachting Media\",\"publisher\":{\"@id\":\"https:\\\/\\\/www.yachtingnews.com\\\/pt-br\\\/#organization\"},\"potentialAction\":[{\"@type\":\"SearchAction\",\"target\":{\"@type\":\"EntryPoint\",\"urlTemplate\":\"https:\\\/\\\/www.yachtingnews.com\\\/pt-br\\\/?s={search_term_string}\"},\"query-input\":{\"@type\":\"PropertyValueSpecification\",\"valueRequired\":true,\"valueName\":\"search_term_string\"}}],\"inLanguage\":\"pt-BR\"},{\"@type\":\"Organization\",\"@id\":\"https:\\\/\\\/www.yachtingnews.com\\\/pt-br\\\/#organization\",\"name\":\"Yachting News\",\"url\":\"https:\\\/\\\/www.yachtingnews.com\\\/pt-br\\\/\",\"logo\":{\"@type\":\"ImageObject\",\"inLanguage\":\"pt-BR\",\"@id\":\"https:\\\/\\\/www.yachtingnews.com\\\/pt-br\\\/#\\\/schema\\\/logo\\\/image\\\/\",\"url\":\"https:\\\/\\\/www.yachtingnews.com\\\/wp-content\\\/uploads\\\/2023\\\/02\\\/LOGO-Yachting-NEWS-blu-800.png\",\"contentUrl\":\"https:\\\/\\\/www.yachtingnews.com\\\/wp-content\\\/uploads\\\/2023\\\/02\\\/LOGO-Yachting-NEWS-blu-800.png\",\"width\":790,\"height\":99,\"caption\":\"Yachting News\"},\"image\":{\"@id\":\"https:\\\/\\\/www.yachtingnews.com\\\/pt-br\\\/#\\\/schema\\\/logo\\\/image\\\/\"},\"sameAs\":[\"https:\\\/\\\/www.facebook.com\\\/TheInternationalYachtingMedia\",\"https:\\\/\\\/x.com\\\/YachtingMedia\",\"https:\\\/\\\/www.instagram.com\\\/yachting.news\\\/\",\"https:\\\/\\\/www.linkedin.com\\\/company\\\/the-international-yachting-media\",\"https:\\\/\\\/www.youtube.com\\\/c\\\/TheInternationalYachtingMedia\"]},{\"@type\":\"Person\",\"@id\":\"https:\\\/\\\/www.yachtingnews.com\\\/pt-br\\\/#\\\/schema\\\/person\\\/60517eb8bc14af08d513f9597715128a\",\"name\":\"S P\",\"image\":{\"@type\":\"ImageObject\",\"inLanguage\":\"pt-BR\",\"@id\":\"https:\\\/\\\/www.yachtingnews.com\\\/wp-content\\\/litespeed\\\/avatar\\\/b6b172dcc89ea3b17312f477243db09e.jpg?ver=1788201192\",\"url\":\"https:\\\/\\\/www.yachtingnews.com\\\/wp-content\\\/litespeed\\\/avatar\\\/b6b172dcc89ea3b17312f477243db09e.jpg?ver=1788201192\",\"contentUrl\":\"https:\\\/\\\/www.yachtingnews.com\\\/wp-content\\\/litespeed\\\/avatar\\\/b6b172dcc89ea3b17312f477243db09e.jpg?ver=1788201192\",\"caption\":\"S P\"},\"url\":\"https:\\\/\\\/www.yachtingnews.com\\\/pt-br\\\/author\\\/silviap\\\/\"}]}<\/script>\n<!-- \/ Yoast SEO plugin. -->","yoast_head_json":{"title":"MAR CO nos sal\u00f5es n\u00e1uticos de Cannes e G\u00e9nova com dois barcos \u00fanicos - Yachting News","description":"Falta muito pouco tempo para o in\u00edcio da edi\u00e7\u00e3o de 2023 do famoso Cannes Yachting Festival, e a MAR.CO MARINE...","robots":{"index":"index","follow":"follow","max-snippet":"max-snippet:-1","max-image-preview":"max-image-preview:large","max-video-preview":"max-video-preview:-1"},"canonical":"https:\/\/www.yachtingnews.com\/pt-br\/mar-co-genoa-cannes-dois-barcos-unicos\/","og_locale":"pt_BR","og_type":"article","og_title":"MAR CO nos sal\u00f5es n\u00e1uticos de Cannes e G\u00e9nova com dois barcos \u00fanicos - Yachting News","og_description":"Falta muito pouco tempo para o in\u00edcio da edi\u00e7\u00e3o de 2023 do famoso Cannes Yachting Festival, e a MAR.CO MARINE...","og_url":"https:\/\/www.yachtingnews.com\/pt-br\/mar-co-genoa-cannes-dois-barcos-unicos\/","og_site_name":"Yachting News","article_publisher":"https:\/\/www.facebook.com\/TheInternationalYachtingMedia","article_published_time":"2023-09-15T05:41:06+00:00","article_modified_time":"2023-09-19T12:49:56+00:00","og_image":[{"width":1600,"height":900,"url":"https:\/\/www.yachtingnews.com\/wp-content\/uploads\/2023\/09\/mar.co_.jpg","type":"image\/jpeg"}],"author":"S P","twitter_card":"summary_large_image","twitter_creator":"@YachtingMedia","twitter_site":"@YachtingMedia","twitter_misc":{"Escrito por":"S P","Est. tempo de leitura":"3 minutos"},"schema":{"@context":"https:\/\/schema.org","@graph":[{"@type":"Article","@id":"https:\/\/www.yachtingnews.com\/pt-br\/mar-co-genoa-cannes-dois-barcos-unicos\/#article","isPartOf":{"@id":"https:\/\/www.yachtingnews.com\/pt-br\/mar-co-genoa-cannes-dois-barcos-unicos\/"},"author":{"name":"S P","@id":"https:\/\/www.yachtingnews.com\/pt-br\/#\/schema\/person\/60517eb8bc14af08d513f9597715128a"},"headline":"MAR.CO nos sal\u00f5es n\u00e1uticos de Cannes e G\u00e9nova com dois barcos \u00fanicos","datePublished":"2023-09-15T05:41:06+00:00","dateModified":"2023-09-19T12:49:56+00:00","mainEntityOfPage":{"@id":"https:\/\/www.yachtingnews.com\/pt-br\/mar-co-genoa-cannes-dois-barcos-unicos\/"},"wordCount":521,"commentCount":0,"publisher":{"@id":"https:\/\/www.yachtingnews.com\/pt-br\/#organization"},"image":{"@id":"https:\/\/www.yachtingnews.com\/pt-br\/mar-co-genoa-cannes-dois-barcos-unicos\/#primaryimage"},"thumbnailUrl":"https:\/\/www.yachtingnews.com\/wp-content\/uploads\/2023\/09\/mar.co_.jpg","keywords":["Cannes Yachting Festival","luxo","Mar.Co","Maxi Rib","Sal\u00e3o Internacional de Barcos de G\u00e9nova"],"articleSection":["Cannes Yachting Festival","ESPECT\u00c1CULOS DE BARCOS","MAXI RIBS E CRUZEIROS ABERTOS DE LUXO","Not\u00edcias","Sal\u00e3o Internacional de Barcos de G\u00e9nova"],"inLanguage":"pt-BR","potentialAction":[{"@type":"CommentAction","name":"Comment","target":["https:\/\/www.yachtingnews.com\/pt-br\/mar-co-genoa-cannes-dois-barcos-unicos\/#respond"]}]},{"@type":"WebPage","@id":"https:\/\/www.yachtingnews.com\/pt-br\/mar-co-genoa-cannes-dois-barcos-unicos\/","url":"https:\/\/www.yachtingnews.com\/pt-br\/mar-co-genoa-cannes-dois-barcos-unicos\/","name":"MAR CO nos sal\u00f5es n\u00e1uticos de Cannes e G\u00e9nova com dois barcos \u00fanicos - Yachting News","isPartOf":{"@id":"https:\/\/www.yachtingnews.com\/pt-br\/#website"},"primaryImageOfPage":{"@id":"https:\/\/www.yachtingnews.com\/pt-br\/mar-co-genoa-cannes-dois-barcos-unicos\/#primaryimage"},"image":{"@id":"https:\/\/www.yachtingnews.com\/pt-br\/mar-co-genoa-cannes-dois-barcos-unicos\/#primaryimage"},"thumbnailUrl":"https:\/\/www.yachtingnews.com\/wp-content\/uploads\/2023\/09\/mar.co_.jpg","datePublished":"2023-09-15T05:41:06+00:00","dateModified":"2023-09-19T12:49:56+00:00","description":"Falta muito pouco tempo para o in\u00edcio da edi\u00e7\u00e3o de 2023 do famoso Cannes Yachting Festival, e a MAR.CO MARINE...","breadcrumb":{"@id":"https:\/\/www.yachtingnews.com\/pt-br\/mar-co-genoa-cannes-dois-barcos-unicos\/#breadcrumb"},"inLanguage":"pt-BR","potentialAction":[{"@type":"ReadAction","target":["https:\/\/www.yachtingnews.com\/pt-br\/mar-co-genoa-cannes-dois-barcos-unicos\/"]}]},{"@type":"ImageObject","inLanguage":"pt-BR","@id":"https:\/\/www.yachtingnews.com\/pt-br\/mar-co-genoa-cannes-dois-barcos-unicos\/#primaryimage","url":"https:\/\/www.yachtingnews.com\/wp-content\/uploads\/2023\/09\/mar.co_.jpg","contentUrl":"https:\/\/www.yachtingnews.com\/wp-content\/uploads\/2023\/09\/mar.co_.jpg","width":1600,"height":900,"caption":"mar.co"},{"@type":"BreadcrumbList","@id":"https:\/\/www.yachtingnews.com\/pt-br\/mar-co-genoa-cannes-dois-barcos-unicos\/#breadcrumb","itemListElement":[{"@type":"ListItem","position":1,"name":"Home","item":"https:\/\/www.yachtingnews.com\/pt-br\/yachting-news-2\/"},{"@type":"ListItem","position":2,"name":"MAR.CO nos sal\u00f5es n\u00e1uticos de Cannes e G\u00e9nova com dois barcos \u00fanicos"}]},{"@type":"WebSite","@id":"https:\/\/www.yachtingnews.com\/pt-br\/#website","url":"https:\/\/www.yachtingnews.com\/pt-br\/","name":"Yachting News","description":"The International Yachting Media","publisher":{"@id":"https:\/\/www.yachtingnews.com\/pt-br\/#organization"},"potentialAction":[{"@type":"SearchAction","target":{"@type":"EntryPoint","urlTemplate":"https:\/\/www.yachtingnews.com\/pt-br\/?s={search_term_string}"},"query-input":{"@type":"PropertyValueSpecification","valueRequired":true,"valueName":"search_term_string"}}],"inLanguage":"pt-BR"},{"@type":"Organization","@id":"https:\/\/www.yachtingnews.com\/pt-br\/#organization","name":"Yachting News","url":"https:\/\/www.yachtingnews.com\/pt-br\/","logo":{"@type":"ImageObject","inLanguage":"pt-BR","@id":"https:\/\/www.yachtingnews.com\/pt-br\/#\/schema\/logo\/image\/","url":"https:\/\/www.yachtingnews.com\/wp-content\/uploads\/2023\/02\/LOGO-Yachting-NEWS-blu-800.png","contentUrl":"https:\/\/www.yachtingnews.com\/wp-content\/uploads\/2023\/02\/LOGO-Yachting-NEWS-blu-800.png","width":790,"height":99,"caption":"Yachting News"},"image":{"@id":"https:\/\/www.yachtingnews.com\/pt-br\/#\/schema\/logo\/image\/"},"sameAs":["https:\/\/www.facebook.com\/TheInternationalYachtingMedia","https:\/\/x.com\/YachtingMedia","https:\/\/www.instagram.com\/yachting.news\/","https:\/\/www.linkedin.com\/company\/the-international-yachting-media","https:\/\/www.youtube.com\/c\/TheInternationalYachtingMedia"]},{"@type":"Person","@id":"https:\/\/www.yachtingnews.com\/pt-br\/#\/schema\/person\/60517eb8bc14af08d513f9597715128a","name":"S P","image":{"@type":"ImageObject","inLanguage":"pt-BR","@id":"https:\/\/www.yachtingnews.com\/wp-content\/litespeed\/avatar\/b6b172dcc89ea3b17312f477243db09e.jpg?ver=1788201192","url":"https:\/\/www.yachtingnews.com\/wp-content\/litespeed\/avatar\/b6b172dcc89ea3b17312f477243db09e.jpg?ver=1788201192","contentUrl":"https:\/\/www.yachtingnews.com\/wp-content\/litespeed\/avatar\/b6b172dcc89ea3b17312f477243db09e.jpg?ver=1788201192","caption":"S P"},"url":"https:\/\/www.yachtingnews.com\/pt-br\/author\/silviap\/"}]}},"_links":{"self":[{"href":"https:\/\/www.yachtingnews.com\/pt-br\/wp-json\/wp\/v2\/posts\/92632","targetHints":{"allow":["GET"]}}],"collection":[{"href":"https:\/\/www.yachtingnews.com\/pt-br\/wp-json\/wp\/v2\/posts"}],"about":[{"href":"https:\/\/www.yachtingnews.com\/pt-br\/wp-json\/wp\/v2\/types\/post"}],"author":[{"embeddable":true,"href":"https:\/\/www.yachtingnews.com\/pt-br\/wp-json\/wp\/v2\/users\/54"}],"replies":[{"embeddable":true,"href":"https:\/\/www.yachtingnews.com\/pt-br\/wp-json\/wp\/v2\/comments?post=92632"}],"version-history":[{"count":0,"href":"https:\/\/www.yachtingnews.com\/pt-br\/wp-json\/wp\/v2\/posts\/92632\/revisions"}],"wp:featuredmedia":[{"embeddable":true,"href":"https:\/\/www.yachtingnews.com\/pt-br\/wp-json\/wp\/v2\/media\/92435"}],"wp:attachment":[{"href":"https:\/\/www.yachtingnews.com\/pt-br\/wp-json\/wp\/v2\/media?parent=92632"}],"wp:term":[{"taxonomy":"category","embeddable":true,"href":"https:\/\/www.yachtingnews.com\/pt-br\/wp-json\/wp\/v2\/categories?post=92632"},{"taxonomy":"post_tag","embeddable":true,"href":"https:\/\/www.yachtingnews.com\/pt-br\/wp-json\/wp\/v2\/tags?post=92632"}],"curies":[{"name":"wp","href":"https:\/\/api.w.org\/{rel}","templated":true}]}}