{"id":93222,"date":"2023-09-28T07:26:54","date_gmt":"2023-09-28T07:26:54","guid":{"rendered":"https:\/\/yachtingnews.com\/recorde-da-63a-exposicao-internacional-de-barcos-da-genova\/"},"modified":"2023-10-12T09:09:48","modified_gmt":"2023-10-12T09:09:48","slug":"recorde-da-63a-exposicao-internacional-de-barcos-da-genova","status":"publish","type":"post","link":"https:\/\/www.yachtingnews.com\/pt-br\/recorde-da-63a-exposicao-internacional-de-barcos-da-genova\/","title":{"rendered":"Termina a edi\u00e7\u00e3o recorde do 63\u00ba Sal\u00e3o Internacional de Barcos de G\u00e9nova"},"content":{"rendered":"\t\t<div data-elementor-type=\"wp-post\" data-elementor-id=\"93222\" class=\"elementor elementor-93222 elementor-92850\" data-elementor-post-type=\"post\">\n\t\t\t\t\t\t<section class=\"elementor-section elementor-top-section elementor-element elementor-element-7d9754b5 elementor-section-boxed elementor-section-height-default elementor-section-height-default\" data-id=\"7d9754b5\" data-element_type=\"section\" data-e-type=\"section\">\n\t\t\t\t\t\t<div class=\"elementor-container elementor-column-gap-default\">\n\t\t\t\t\t<div class=\"elementor-column elementor-col-100 elementor-top-column elementor-element elementor-element-591c0de2\" data-id=\"591c0de2\" data-element_type=\"column\" data-e-type=\"column\">\n\t\t\t<div class=\"elementor-widget-wrap elementor-element-populated\">\n\t\t\t\t\t\t<div class=\"elementor-element elementor-element-5e777c6c elementor-widget elementor-widget-text-editor\" data-id=\"5e777c6c\" data-element_type=\"widget\" data-e-type=\"widget\" data-widget_type=\"text-editor.default\">\n\t\t\t\t<div class=\"elementor-widget-container\">\n\t\t\t\t\t\t\t\t\t<p><span lang=\"en-US\">Hoje \u00e9 o \u00faltimo dia da  <\/span><em><span lang=\"en-US\">63<\/span><\/em><em><sup><span lang=\"en-US\">rd<\/span><\/sup><\/em><em><span lang=\"en-US\">  Sal\u00e3o Internacional de Barcos de G\u00e9nova,  <\/span><\/em><em><span lang=\"en-US\">o que \u00e9 confirmado  <\/span><\/em><em><span lang=\"en-US\"><b>como um dos melhores  <\/b><\/span><\/em><em><span lang=\"en-US\">nos \u00faltimos anos, com quase  <\/span><\/em><em><span lang=\"en-US\"><b>120.000 visitantes.<\/b><\/span><\/em><\/p>\n<p><span lang=\"en-US\">Um ano decididamente inesquec\u00edvel gra\u00e7as ao  <\/span><span lang=\"en-US\"><b>resultados extraordin\u00e1rios<\/b><\/span><span lang=\"en-US\">  que excedeu todas as expectativas:  <\/span><span lang=\"en-US\"><b>+13.9 %<\/b><\/span><span lang=\"en-US\">  visitantes em rela\u00e7\u00e3o a 2022,  <\/span><span lang=\"en-US\"><b>1.043 marcas<\/b><\/span><span lang=\"en-US\">  no ecr\u00e3,  <\/span><span lang=\"en-US\"><b>mais de 1.000<\/b><\/span> <a href=\"https:\/\/yachtingnews.com\/pt-br\/\">barcos <\/a><span lang=\"en-US\">medindo de 2 a 40 metros de comprimento,  <\/span><span lang=\"en-US\"><b>143<\/b><\/span><span lang=\"en-US\">  beliches suplementares na \u00e1gua gra\u00e7as \u00e0 abertura dos novos espa\u00e7os de abertura,  <\/span><span lang=\"en-US\"><b>184<\/b><\/span><span lang=\"en-US\">  estreias mundiais e at\u00e9  <\/span><span lang=\"en-US\"><b>3.190 ensaios no mar<\/b><\/span><span lang=\"en-US\">  efectuadas.<\/span><\/p>\n<p><em>&#8220;<span lang=\"en-US\">Estes s\u00e3o os n\u00fameros de um Sal\u00e3o que continua a superar-se ano ap\u00f3s ano e que, nesta edi\u00e7\u00e3o, ultrapassou as nossas pr\u00f3prias expectativas <\/span>&#8221; <\/em><span lang=\"en-US\">declarou <\/span><strong><br \/>\n  <span lang=\"en-US\">Saverio Cecchi<\/span><br \/>\n<\/strong><span lang=\"en-US\">Presidente da Associa\u00e7\u00e3o Italiana da Ind\u00fastria N\u00e1utica e do I Saloni Nautici.<\/span> <em><span lang=\"en-US\">&#8220;Gostaria de agradecer \u00e0 minha equipa, que trabalhou arduamente para alcan\u00e7ar este resultado, e estou orgulhoso de estar ao leme desta tripula\u00e7\u00e3o. O nosso objetivo \u00e9 tornarmo-nos o evento n\u00famero um do sector a n\u00edvel mundial. Estamos a trabalhar para alcan\u00e7ar este objetivo, um objetivo que ser\u00e1 poss\u00edvel gra\u00e7as \u00e0 estreita coopera\u00e7\u00e3o entre os sectores p\u00fablico e privado, e garantir que o novo Waterfront di Levante, concebido por Renzo Piano, se torne a melhor \u00e1rea de exposi\u00e7\u00e3o do mundo, especificamente adaptada ao sector dos iates. Amanh\u00e3 come\u00e7aremos a trabalhar na organiza\u00e7\u00e3o da pr\u00f3xima edi\u00e7\u00e3o, prevista para  <\/span><\/em><strong><br \/>\n  <span lang=\"en-US\">19<\/span><br \/>\n<\/strong><strong><br \/>\n  <sup><br \/>\n    <span lang=\"en-US\">th<\/span><br \/>\n  <\/sup><br \/>\n<\/strong><strong><br \/>\n  <span lang=\"en-US\"> a 24<\/span><br \/>\n<\/strong><strong><br \/>\n  <sup><br \/>\n    <span lang=\"en-US\">de<\/span><br \/>\n  <\/sup><br \/>\n<\/strong><strong><br \/>\n  <span lang=\"en-US\"> setembro de 2024<\/span><br \/>\n<\/strong><span lang=\"en-US\"><br \/>\n  <i>&#8220;.<\/i><br \/>\n<\/span><\/p>\n<p lang=\"en-US\"><img decoding=\"async\" class=\"alignright wp-image-92855\" title=\"63\u00ba Sal\u00e3o Internacional de Barcos de G\u00e9nova\" src=\"https:\/\/yachtingnews.com\/wp-content\/uploads\/2023\/09\/63rd-Genoa-Boat-Show-300x224.webp\" alt=\"63\u00ba Sal\u00e3o Internacional de Barcos de G\u00e9nova\" width=\"450\" height=\"336\" srcset=\"https:\/\/www.yachtingnews.com\/wp-content\/uploads\/2023\/09\/63rd-Genoa-Boat-Show-300x224.webp 300w, https:\/\/www.yachtingnews.com\/wp-content\/uploads\/2023\/09\/63rd-Genoa-Boat-Show-480x359.webp 480w, https:\/\/www.yachtingnews.com\/wp-content\/uploads\/2023\/09\/63rd-Genoa-Boat-Show.webp 768w\" sizes=\"(max-width: 450px) 100vw, 450px\" \/>Desde os primeiros dias, apesar de n\u00e3o ter sido muito bom do ponto de vista clim\u00e1tico, ficou claro que este 63\u00ba Genoa International Boat Show tinha aquele extra que o tornava verdadeiramente <b>\u00fanico,<\/b> e assim foi.<\/p>\n<p lang=\"en-US\">O <b>n\u00famero de visitantes <\/b>nas docas foi sempre importante, o s\u00e1bado e o domingo foram os melhores, e foi no s\u00e1bado, dia 23, que se registou o maior n\u00famero de visitantes num s\u00f3 dia desde h\u00e1 uns bons 5 anos.<\/p>\n<p><em><br \/>\n  <span lang=\"en-US\">&#8220;Ao longo destes \u00faltimos dias, ouvi as pessoas elogiarem o novo tra\u00e7ado, os canais, a nova Blue Island completamente rodeada de \u00e1gua &#8211; <\/span><br \/>\n<\/em><em><br \/>\n  <span lang=\"en-US\">disse <\/span><br \/>\n<\/em><strong><br \/>\n  <span lang=\"en-US\">Marco Bucci<\/span><br \/>\n<\/strong><em><br \/>\n  <span lang=\"en-US\">Presidente da C\u00e2mara Municipal de G\u00e9nova &#8211; <\/span><br \/>\n<\/em> <em><span lang=\"en-US\">A ind\u00fastria dos iates e o Genoa International Boat Show s\u00e3o uma atividade importante que cresce todos os anos e que tem um enorme impacto econ\u00f3mico e laboral na nossa cidade. O pr\u00f3ximo ano ser\u00e1 o ano da inaugura\u00e7\u00e3o do Waterfront di Levante. Esta nova localiza\u00e7\u00e3o, associada a um evento como o Genoa Boat Show, est\u00e1 a funcionar em sinergia e j\u00e1 est\u00e1 a aproveitar oportunidades excepcionais<\/span><\/em><span lang=\"en-US\"><i>&#8220;.  <\/i><\/span><\/p>\n<p><span lang=\"en-US\">O sentimento dos expositores e dos estaleiros navais no final deste  <\/span><a href=\"https:\/\/www.tuttobarche.it\/magazine\/?s=genova\">espet\u00e1culo<\/a><span lang=\"en-US\">  \u00e9  <\/span><span lang=\"en-US\"><b>positivo<\/b><\/span><span lang=\"en-US\">e as perspectivas de organiza\u00e7\u00e3o de um grande evento no pr\u00f3ximo ano j\u00e1 est\u00e3o a ser analisadas, combinando a<\/span><span lang=\"en-US\"><b>  inaugura\u00e7\u00e3o<\/b><\/span><span lang=\"en-US\">  de um grande reordenamento urbano da cidade de G\u00e9nova, com uma  <\/span><span lang=\"en-US\"><b>feira n\u00e1utica<\/b><\/span><span lang=\"en-US\">  de \u00e2mbito internacional que re\u00fane milhares e milhares de visitantes, todos  <\/span><span lang=\"en-US\"><b>unidos pela sua paix\u00e3o pelo mar.<\/b><\/span><\/p>\n<p lang=\"en-US\">\n\t\t\t\t\t\t\t\t<\/div>\n\t\t\t\t<\/div>\n\t\t\t\t\t<\/div>\n\t\t<\/div>\n\t\t\t\t\t<\/div>\n\t\t<\/section>\n\t\t\t\t<\/div>\n\t\t","protected":false},"excerpt":{"rendered":"<p>Hoje \u00e9 o \u00faltimo dia da 63rd Sal\u00e3o Internacional de Barcos de G\u00e9nova, o que \u00e9 confirmado como um dos melhores nos \u00faltimos anos, com quase 120.000 visitantes. Um ano decididamente inesquec\u00edvel gra\u00e7as ao resultados extraordin\u00e1rios que excedeu todas as expectativas: +13.9 % visitantes em rela\u00e7\u00e3o a 2022, 1.043 marcas no ecr\u00e3, mais de 1.000 [&hellip;]<\/p>\n","protected":false},"author":54,"featured_media":92853,"comment_status":"open","ping_status":"open","sticky":false,"template":"","format":"standard","meta":{"_mo_disable_npp":"","footnotes":""},"categories":[1653],"tags":[],"class_list":["post-93222","post","type-post","status-publish","format-standard","has-post-thumbnail","hentry","category-news-pt-br"],"yoast_head":"<!-- This site is optimized with the Yoast SEO plugin v28.3 - https:\/\/yoast.com\/product\/yoast-seo-wordpress\/ -->\n<title>63\u00ba Sal\u00e3o N\u00e1utico de G\u00e9nova: uma edi\u00e7\u00e3o recorde - Yachting News<\/title>\n<meta name=\"description\" content=\"Hoje \u00e9 o \u00faltimo dia da 63\u00aa edi\u00e7\u00e3o do Sal\u00e3o Internacional do Barco de G\u00e9nova, que se confirma como um dos melhores dos \u00faltimos anos, com quase...\" \/>\n<meta name=\"robots\" content=\"index, follow, max-snippet:-1, max-image-preview:large, max-video-preview:-1\" \/>\n<link rel=\"canonical\" href=\"https:\/\/www.yachtingnews.com\/pt-br\/recorde-da-63a-exposicao-internacional-de-barcos-da-genova\/\" \/>\n<meta property=\"og:locale\" content=\"pt_BR\" \/>\n<meta property=\"og:type\" content=\"article\" \/>\n<meta property=\"og:title\" content=\"63\u00ba Sal\u00e3o N\u00e1utico de G\u00e9nova: uma edi\u00e7\u00e3o recorde - Yachting News\" \/>\n<meta property=\"og:description\" content=\"Hoje \u00e9 o \u00faltimo dia da 63\u00aa edi\u00e7\u00e3o do Sal\u00e3o Internacional do Barco de G\u00e9nova, que se confirma como um dos melhores dos \u00faltimos anos, com quase...\" \/>\n<meta property=\"og:url\" content=\"https:\/\/www.yachtingnews.com\/pt-br\/recorde-da-63a-exposicao-internacional-de-barcos-da-genova\/\" \/>\n<meta property=\"og:site_name\" content=\"Yachting News\" \/>\n<meta property=\"article:publisher\" content=\"https:\/\/www.facebook.com\/TheInternationalYachtingMedia\" \/>\n<meta property=\"article:published_time\" content=\"2023-09-28T07:26:54+00:00\" \/>\n<meta property=\"article:modified_time\" content=\"2023-10-12T09:09:48+00:00\" \/>\n<meta property=\"og:image\" content=\"https:\/\/www.yachtingnews.com\/wp-content\/uploads\/2023\/09\/63rd-genoa-international-boat-show.jpg\" \/>\n\t<meta property=\"og:image:width\" content=\"1600\" \/>\n\t<meta property=\"og:image:height\" content=\"900\" \/>\n\t<meta property=\"og:image:type\" content=\"image\/jpeg\" \/>\n<meta name=\"author\" content=\"S P\" \/>\n<meta name=\"twitter:card\" content=\"summary_large_image\" \/>\n<meta name=\"twitter:creator\" content=\"@YachtingMedia\" \/>\n<meta name=\"twitter:site\" content=\"@YachtingMedia\" \/>\n<meta name=\"twitter:label1\" content=\"Escrito por\" \/>\n\t<meta name=\"twitter:data1\" content=\"S P\" \/>\n\t<meta name=\"twitter:label2\" content=\"Est. tempo de leitura\" \/>\n\t<meta name=\"twitter:data2\" content=\"2 minutos\" \/>\n<script type=\"application\/ld+json\" class=\"yoast-schema-graph\">{\"@context\":\"https:\\\/\\\/schema.org\",\"@graph\":[{\"@type\":\"Article\",\"@id\":\"https:\\\/\\\/www.yachtingnews.com\\\/pt-br\\\/recorde-da-63a-exposicao-internacional-de-barcos-da-genova\\\/#article\",\"isPartOf\":{\"@id\":\"https:\\\/\\\/www.yachtingnews.com\\\/pt-br\\\/recorde-da-63a-exposicao-internacional-de-barcos-da-genova\\\/\"},\"author\":{\"name\":\"S P\",\"@id\":\"https:\\\/\\\/www.yachtingnews.com\\\/pt-br\\\/#\\\/schema\\\/person\\\/60517eb8bc14af08d513f9597715128a\"},\"headline\":\"Termina a edi\u00e7\u00e3o recorde do 63\u00ba Sal\u00e3o Internacional de Barcos de G\u00e9nova\",\"datePublished\":\"2023-09-28T07:26:54+00:00\",\"dateModified\":\"2023-10-12T09:09:48+00:00\",\"mainEntityOfPage\":{\"@id\":\"https:\\\/\\\/www.yachtingnews.com\\\/pt-br\\\/recorde-da-63a-exposicao-internacional-de-barcos-da-genova\\\/\"},\"wordCount\":513,\"commentCount\":0,\"publisher\":{\"@id\":\"https:\\\/\\\/www.yachtingnews.com\\\/pt-br\\\/#organization\"},\"image\":{\"@id\":\"https:\\\/\\\/www.yachtingnews.com\\\/pt-br\\\/recorde-da-63a-exposicao-internacional-de-barcos-da-genova\\\/#primaryimage\"},\"thumbnailUrl\":\"https:\\\/\\\/www.yachtingnews.com\\\/wp-content\\\/uploads\\\/2023\\\/09\\\/63rd-genoa-international-boat-show.jpg\",\"articleSection\":[\"Not\u00edcias\"],\"inLanguage\":\"pt-BR\",\"potentialAction\":[{\"@type\":\"CommentAction\",\"name\":\"Comment\",\"target\":[\"https:\\\/\\\/www.yachtingnews.com\\\/pt-br\\\/recorde-da-63a-exposicao-internacional-de-barcos-da-genova\\\/#respond\"]}]},{\"@type\":\"WebPage\",\"@id\":\"https:\\\/\\\/www.yachtingnews.com\\\/pt-br\\\/recorde-da-63a-exposicao-internacional-de-barcos-da-genova\\\/\",\"url\":\"https:\\\/\\\/www.yachtingnews.com\\\/pt-br\\\/recorde-da-63a-exposicao-internacional-de-barcos-da-genova\\\/\",\"name\":\"63\u00ba Sal\u00e3o N\u00e1utico de G\u00e9nova: uma edi\u00e7\u00e3o recorde - Yachting News\",\"isPartOf\":{\"@id\":\"https:\\\/\\\/www.yachtingnews.com\\\/pt-br\\\/#website\"},\"primaryImageOfPage\":{\"@id\":\"https:\\\/\\\/www.yachtingnews.com\\\/pt-br\\\/recorde-da-63a-exposicao-internacional-de-barcos-da-genova\\\/#primaryimage\"},\"image\":{\"@id\":\"https:\\\/\\\/www.yachtingnews.com\\\/pt-br\\\/recorde-da-63a-exposicao-internacional-de-barcos-da-genova\\\/#primaryimage\"},\"thumbnailUrl\":\"https:\\\/\\\/www.yachtingnews.com\\\/wp-content\\\/uploads\\\/2023\\\/09\\\/63rd-genoa-international-boat-show.jpg\",\"datePublished\":\"2023-09-28T07:26:54+00:00\",\"dateModified\":\"2023-10-12T09:09:48+00:00\",\"description\":\"Hoje \u00e9 o \u00faltimo dia da 63\u00aa edi\u00e7\u00e3o do Sal\u00e3o Internacional do Barco de G\u00e9nova, que se confirma como um dos melhores dos \u00faltimos anos, com quase...\",\"breadcrumb\":{\"@id\":\"https:\\\/\\\/www.yachtingnews.com\\\/pt-br\\\/recorde-da-63a-exposicao-internacional-de-barcos-da-genova\\\/#breadcrumb\"},\"inLanguage\":\"pt-BR\",\"potentialAction\":[{\"@type\":\"ReadAction\",\"target\":[\"https:\\\/\\\/www.yachtingnews.com\\\/pt-br\\\/recorde-da-63a-exposicao-internacional-de-barcos-da-genova\\\/\"]}]},{\"@type\":\"ImageObject\",\"inLanguage\":\"pt-BR\",\"@id\":\"https:\\\/\\\/www.yachtingnews.com\\\/pt-br\\\/recorde-da-63a-exposicao-internacional-de-barcos-da-genova\\\/#primaryimage\",\"url\":\"https:\\\/\\\/www.yachtingnews.com\\\/wp-content\\\/uploads\\\/2023\\\/09\\\/63rd-genoa-international-boat-show.jpg\",\"contentUrl\":\"https:\\\/\\\/www.yachtingnews.com\\\/wp-content\\\/uploads\\\/2023\\\/09\\\/63rd-genoa-international-boat-show.jpg\",\"width\":1600,\"height\":900,\"caption\":\"63\u00ba sal\u00e3o internacional de barcos de G\u00e9nova\"},{\"@type\":\"BreadcrumbList\",\"@id\":\"https:\\\/\\\/www.yachtingnews.com\\\/pt-br\\\/recorde-da-63a-exposicao-internacional-de-barcos-da-genova\\\/#breadcrumb\",\"itemListElement\":[{\"@type\":\"ListItem\",\"position\":1,\"name\":\"Home\",\"item\":\"https:\\\/\\\/www.yachtingnews.com\\\/pt-br\\\/yachting-news-2\\\/\"},{\"@type\":\"ListItem\",\"position\":2,\"name\":\"Termina a edi\u00e7\u00e3o recorde do 63\u00ba Sal\u00e3o Internacional de Barcos de G\u00e9nova\"}]},{\"@type\":\"WebSite\",\"@id\":\"https:\\\/\\\/www.yachtingnews.com\\\/pt-br\\\/#website\",\"url\":\"https:\\\/\\\/www.yachtingnews.com\\\/pt-br\\\/\",\"name\":\"Yachting News\",\"description\":\"The International Yachting Media\",\"publisher\":{\"@id\":\"https:\\\/\\\/www.yachtingnews.com\\\/pt-br\\\/#organization\"},\"potentialAction\":[{\"@type\":\"SearchAction\",\"target\":{\"@type\":\"EntryPoint\",\"urlTemplate\":\"https:\\\/\\\/www.yachtingnews.com\\\/pt-br\\\/?s={search_term_string}\"},\"query-input\":{\"@type\":\"PropertyValueSpecification\",\"valueRequired\":true,\"valueName\":\"search_term_string\"}}],\"inLanguage\":\"pt-BR\"},{\"@type\":\"Organization\",\"@id\":\"https:\\\/\\\/www.yachtingnews.com\\\/pt-br\\\/#organization\",\"name\":\"Yachting News\",\"url\":\"https:\\\/\\\/www.yachtingnews.com\\\/pt-br\\\/\",\"logo\":{\"@type\":\"ImageObject\",\"inLanguage\":\"pt-BR\",\"@id\":\"https:\\\/\\\/www.yachtingnews.com\\\/pt-br\\\/#\\\/schema\\\/logo\\\/image\\\/\",\"url\":\"https:\\\/\\\/www.yachtingnews.com\\\/wp-content\\\/uploads\\\/2023\\\/02\\\/LOGO-Yachting-NEWS-blu-800.png\",\"contentUrl\":\"https:\\\/\\\/www.yachtingnews.com\\\/wp-content\\\/uploads\\\/2023\\\/02\\\/LOGO-Yachting-NEWS-blu-800.png\",\"width\":790,\"height\":99,\"caption\":\"Yachting News\"},\"image\":{\"@id\":\"https:\\\/\\\/www.yachtingnews.com\\\/pt-br\\\/#\\\/schema\\\/logo\\\/image\\\/\"},\"sameAs\":[\"https:\\\/\\\/www.facebook.com\\\/TheInternationalYachtingMedia\",\"https:\\\/\\\/x.com\\\/YachtingMedia\",\"https:\\\/\\\/www.instagram.com\\\/yachting.news\\\/\",\"https:\\\/\\\/www.linkedin.com\\\/company\\\/the-international-yachting-media\",\"https:\\\/\\\/www.youtube.com\\\/c\\\/TheInternationalYachtingMedia\"]},{\"@type\":\"Person\",\"@id\":\"https:\\\/\\\/www.yachtingnews.com\\\/pt-br\\\/#\\\/schema\\\/person\\\/60517eb8bc14af08d513f9597715128a\",\"name\":\"S P\",\"image\":{\"@type\":\"ImageObject\",\"inLanguage\":\"pt-BR\",\"@id\":\"https:\\\/\\\/www.yachtingnews.com\\\/wp-content\\\/litespeed\\\/avatar\\\/b6b172dcc89ea3b17312f477243db09e.jpg?ver=1787596283\",\"url\":\"https:\\\/\\\/www.yachtingnews.com\\\/wp-content\\\/litespeed\\\/avatar\\\/b6b172dcc89ea3b17312f477243db09e.jpg?ver=1787596283\",\"contentUrl\":\"https:\\\/\\\/www.yachtingnews.com\\\/wp-content\\\/litespeed\\\/avatar\\\/b6b172dcc89ea3b17312f477243db09e.jpg?ver=1787596283\",\"caption\":\"S P\"},\"url\":\"https:\\\/\\\/www.yachtingnews.com\\\/pt-br\\\/author\\\/silviap\\\/\"}]}<\/script>\n<!-- \/ Yoast SEO plugin. -->","yoast_head_json":{"title":"63\u00ba Sal\u00e3o N\u00e1utico de G\u00e9nova: uma edi\u00e7\u00e3o recorde - Yachting News","description":"Hoje \u00e9 o \u00faltimo dia da 63\u00aa edi\u00e7\u00e3o do Sal\u00e3o Internacional do Barco de G\u00e9nova, que se confirma como um dos melhores dos \u00faltimos anos, com quase...","robots":{"index":"index","follow":"follow","max-snippet":"max-snippet:-1","max-image-preview":"max-image-preview:large","max-video-preview":"max-video-preview:-1"},"canonical":"https:\/\/www.yachtingnews.com\/pt-br\/recorde-da-63a-exposicao-internacional-de-barcos-da-genova\/","og_locale":"pt_BR","og_type":"article","og_title":"63\u00ba Sal\u00e3o N\u00e1utico de G\u00e9nova: uma edi\u00e7\u00e3o recorde - Yachting News","og_description":"Hoje \u00e9 o \u00faltimo dia da 63\u00aa edi\u00e7\u00e3o do Sal\u00e3o Internacional do Barco de G\u00e9nova, que se confirma como um dos melhores dos \u00faltimos anos, com quase...","og_url":"https:\/\/www.yachtingnews.com\/pt-br\/recorde-da-63a-exposicao-internacional-de-barcos-da-genova\/","og_site_name":"Yachting News","article_publisher":"https:\/\/www.facebook.com\/TheInternationalYachtingMedia","article_published_time":"2023-09-28T07:26:54+00:00","article_modified_time":"2023-10-12T09:09:48+00:00","og_image":[{"width":1600,"height":900,"url":"https:\/\/www.yachtingnews.com\/wp-content\/uploads\/2023\/09\/63rd-genoa-international-boat-show.jpg","type":"image\/jpeg"}],"author":"S P","twitter_card":"summary_large_image","twitter_creator":"@YachtingMedia","twitter_site":"@YachtingMedia","twitter_misc":{"Escrito por":"S P","Est. tempo de leitura":"2 minutos"},"schema":{"@context":"https:\/\/schema.org","@graph":[{"@type":"Article","@id":"https:\/\/www.yachtingnews.com\/pt-br\/recorde-da-63a-exposicao-internacional-de-barcos-da-genova\/#article","isPartOf":{"@id":"https:\/\/www.yachtingnews.com\/pt-br\/recorde-da-63a-exposicao-internacional-de-barcos-da-genova\/"},"author":{"name":"S P","@id":"https:\/\/www.yachtingnews.com\/pt-br\/#\/schema\/person\/60517eb8bc14af08d513f9597715128a"},"headline":"Termina a edi\u00e7\u00e3o recorde do 63\u00ba Sal\u00e3o Internacional de Barcos de G\u00e9nova","datePublished":"2023-09-28T07:26:54+00:00","dateModified":"2023-10-12T09:09:48+00:00","mainEntityOfPage":{"@id":"https:\/\/www.yachtingnews.com\/pt-br\/recorde-da-63a-exposicao-internacional-de-barcos-da-genova\/"},"wordCount":513,"commentCount":0,"publisher":{"@id":"https:\/\/www.yachtingnews.com\/pt-br\/#organization"},"image":{"@id":"https:\/\/www.yachtingnews.com\/pt-br\/recorde-da-63a-exposicao-internacional-de-barcos-da-genova\/#primaryimage"},"thumbnailUrl":"https:\/\/www.yachtingnews.com\/wp-content\/uploads\/2023\/09\/63rd-genoa-international-boat-show.jpg","articleSection":["Not\u00edcias"],"inLanguage":"pt-BR","potentialAction":[{"@type":"CommentAction","name":"Comment","target":["https:\/\/www.yachtingnews.com\/pt-br\/recorde-da-63a-exposicao-internacional-de-barcos-da-genova\/#respond"]}]},{"@type":"WebPage","@id":"https:\/\/www.yachtingnews.com\/pt-br\/recorde-da-63a-exposicao-internacional-de-barcos-da-genova\/","url":"https:\/\/www.yachtingnews.com\/pt-br\/recorde-da-63a-exposicao-internacional-de-barcos-da-genova\/","name":"63\u00ba Sal\u00e3o N\u00e1utico de G\u00e9nova: uma edi\u00e7\u00e3o recorde - Yachting News","isPartOf":{"@id":"https:\/\/www.yachtingnews.com\/pt-br\/#website"},"primaryImageOfPage":{"@id":"https:\/\/www.yachtingnews.com\/pt-br\/recorde-da-63a-exposicao-internacional-de-barcos-da-genova\/#primaryimage"},"image":{"@id":"https:\/\/www.yachtingnews.com\/pt-br\/recorde-da-63a-exposicao-internacional-de-barcos-da-genova\/#primaryimage"},"thumbnailUrl":"https:\/\/www.yachtingnews.com\/wp-content\/uploads\/2023\/09\/63rd-genoa-international-boat-show.jpg","datePublished":"2023-09-28T07:26:54+00:00","dateModified":"2023-10-12T09:09:48+00:00","description":"Hoje \u00e9 o \u00faltimo dia da 63\u00aa edi\u00e7\u00e3o do Sal\u00e3o Internacional do Barco de G\u00e9nova, que se confirma como um dos melhores dos \u00faltimos anos, com quase...","breadcrumb":{"@id":"https:\/\/www.yachtingnews.com\/pt-br\/recorde-da-63a-exposicao-internacional-de-barcos-da-genova\/#breadcrumb"},"inLanguage":"pt-BR","potentialAction":[{"@type":"ReadAction","target":["https:\/\/www.yachtingnews.com\/pt-br\/recorde-da-63a-exposicao-internacional-de-barcos-da-genova\/"]}]},{"@type":"ImageObject","inLanguage":"pt-BR","@id":"https:\/\/www.yachtingnews.com\/pt-br\/recorde-da-63a-exposicao-internacional-de-barcos-da-genova\/#primaryimage","url":"https:\/\/www.yachtingnews.com\/wp-content\/uploads\/2023\/09\/63rd-genoa-international-boat-show.jpg","contentUrl":"https:\/\/www.yachtingnews.com\/wp-content\/uploads\/2023\/09\/63rd-genoa-international-boat-show.jpg","width":1600,"height":900,"caption":"63\u00ba sal\u00e3o internacional de barcos de G\u00e9nova"},{"@type":"BreadcrumbList","@id":"https:\/\/www.yachtingnews.com\/pt-br\/recorde-da-63a-exposicao-internacional-de-barcos-da-genova\/#breadcrumb","itemListElement":[{"@type":"ListItem","position":1,"name":"Home","item":"https:\/\/www.yachtingnews.com\/pt-br\/yachting-news-2\/"},{"@type":"ListItem","position":2,"name":"Termina a edi\u00e7\u00e3o recorde do 63\u00ba Sal\u00e3o Internacional de Barcos de G\u00e9nova"}]},{"@type":"WebSite","@id":"https:\/\/www.yachtingnews.com\/pt-br\/#website","url":"https:\/\/www.yachtingnews.com\/pt-br\/","name":"Yachting News","description":"The International Yachting Media","publisher":{"@id":"https:\/\/www.yachtingnews.com\/pt-br\/#organization"},"potentialAction":[{"@type":"SearchAction","target":{"@type":"EntryPoint","urlTemplate":"https:\/\/www.yachtingnews.com\/pt-br\/?s={search_term_string}"},"query-input":{"@type":"PropertyValueSpecification","valueRequired":true,"valueName":"search_term_string"}}],"inLanguage":"pt-BR"},{"@type":"Organization","@id":"https:\/\/www.yachtingnews.com\/pt-br\/#organization","name":"Yachting News","url":"https:\/\/www.yachtingnews.com\/pt-br\/","logo":{"@type":"ImageObject","inLanguage":"pt-BR","@id":"https:\/\/www.yachtingnews.com\/pt-br\/#\/schema\/logo\/image\/","url":"https:\/\/www.yachtingnews.com\/wp-content\/uploads\/2023\/02\/LOGO-Yachting-NEWS-blu-800.png","contentUrl":"https:\/\/www.yachtingnews.com\/wp-content\/uploads\/2023\/02\/LOGO-Yachting-NEWS-blu-800.png","width":790,"height":99,"caption":"Yachting News"},"image":{"@id":"https:\/\/www.yachtingnews.com\/pt-br\/#\/schema\/logo\/image\/"},"sameAs":["https:\/\/www.facebook.com\/TheInternationalYachtingMedia","https:\/\/x.com\/YachtingMedia","https:\/\/www.instagram.com\/yachting.news\/","https:\/\/www.linkedin.com\/company\/the-international-yachting-media","https:\/\/www.youtube.com\/c\/TheInternationalYachtingMedia"]},{"@type":"Person","@id":"https:\/\/www.yachtingnews.com\/pt-br\/#\/schema\/person\/60517eb8bc14af08d513f9597715128a","name":"S P","image":{"@type":"ImageObject","inLanguage":"pt-BR","@id":"https:\/\/www.yachtingnews.com\/wp-content\/litespeed\/avatar\/b6b172dcc89ea3b17312f477243db09e.jpg?ver=1787596283","url":"https:\/\/www.yachtingnews.com\/wp-content\/litespeed\/avatar\/b6b172dcc89ea3b17312f477243db09e.jpg?ver=1787596283","contentUrl":"https:\/\/www.yachtingnews.com\/wp-content\/litespeed\/avatar\/b6b172dcc89ea3b17312f477243db09e.jpg?ver=1787596283","caption":"S P"},"url":"https:\/\/www.yachtingnews.com\/pt-br\/author\/silviap\/"}]}},"_links":{"self":[{"href":"https:\/\/www.yachtingnews.com\/pt-br\/wp-json\/wp\/v2\/posts\/93222","targetHints":{"allow":["GET"]}}],"collection":[{"href":"https:\/\/www.yachtingnews.com\/pt-br\/wp-json\/wp\/v2\/posts"}],"about":[{"href":"https:\/\/www.yachtingnews.com\/pt-br\/wp-json\/wp\/v2\/types\/post"}],"author":[{"embeddable":true,"href":"https:\/\/www.yachtingnews.com\/pt-br\/wp-json\/wp\/v2\/users\/54"}],"replies":[{"embeddable":true,"href":"https:\/\/www.yachtingnews.com\/pt-br\/wp-json\/wp\/v2\/comments?post=93222"}],"version-history":[{"count":0,"href":"https:\/\/www.yachtingnews.com\/pt-br\/wp-json\/wp\/v2\/posts\/93222\/revisions"}],"wp:featuredmedia":[{"embeddable":true,"href":"https:\/\/www.yachtingnews.com\/pt-br\/wp-json\/wp\/v2\/media\/92853"}],"wp:attachment":[{"href":"https:\/\/www.yachtingnews.com\/pt-br\/wp-json\/wp\/v2\/media?parent=93222"}],"wp:term":[{"taxonomy":"category","embeddable":true,"href":"https:\/\/www.yachtingnews.com\/pt-br\/wp-json\/wp\/v2\/categories?post=93222"},{"taxonomy":"post_tag","embeddable":true,"href":"https:\/\/www.yachtingnews.com\/pt-br\/wp-json\/wp\/v2\/tags?post=93222"}],"curies":[{"name":"wp","href":"https:\/\/api.w.org\/{rel}","templated":true}]}}